{"id":38128,"date":"2025-05-09T05:16:00","date_gmt":"2025-05-09T03:16:00","guid":{"rendered":"https:\/\/www.lintelligentdabidjan.info\/news\/?p=38128"},"modified":"2025-05-09T05:16:04","modified_gmt":"2025-05-09T03:16:04","slug":"guiglo-les-anciens-eleves-offrent-des-livres-pour-encourager-la-lecture-chez-les-eleves","status":"publish","type":"post","link":"https:\/\/www.lintelligentdabidjan.info\/news\/guiglo-les-anciens-eleves-offrent-des-livres-pour-encourager-la-lecture-chez-les-eleves\/","title":{"rendered":"Guiglo : Les anciens \u00e9l\u00e8ves offrent des livres pour encourager la lecture chez les \u00e9l\u00e8ves"},"content":{"rendered":"<p><strong>Le mercredi 7 mai 2025, les anciens \u00e9l\u00e8ves du Lyc\u00e9e Moderne de Guiglo, regroup\u00e9s au sein de l\u2019Amicale des Potes et Potesses (les POTES), ont fait un don de neuf cartons de livres et de mat\u00e9riel sanitaire \u00e0 leur ancien \u00e9tablissement.<\/strong><\/p>\n<p>Cette initiative vise avant tout \u00e0 r\u00e9concilier les \u00e9l\u00e8ves avec la lecture, dans un contexte o\u00f9 les distractions num\u00e9riques prennent de plus en plus de place dans leur quotidien.<\/p>\n<p>En plus des livres, les POTES ont offert des \u00e9quipements sanitaires pour am\u00e9liorer les conditions d\u2019hygi\u00e8ne au sein de l\u2019\u00e9tablissement.<\/p>\n<p>En pr\u00e9sence des autorit\u00e9s \u00e9ducatives, administratives et locales, la c\u00e9r\u00e9monie a mis en lumi\u00e8re l\u2019engagement de ces anciens \u00e9l\u00e8ves pour la promotion du savoir.<\/p>\n<p>Yad\u00e9 N\u2019Semah\u00e9 Arististe, pr\u00e9sident des POTES, a rappel\u00e9 que ce don s\u2019inscrit dans la continuit\u00e9 de leurs actions : \u00ab En 2023, nous avons soutenu l\u2019orphelinat de Guiglo. Aujourd\u2019hui, nous revenons pour encourager la lecture, pilier fondamental de l\u2019\u00e9ducation, et aussi am\u00e9liorer les conditions de vie des \u00e9l\u00e8ves avec ces \u00e9quipements sanitaires. \u00bb<\/p>\n<p>Le don a \u00e9t\u00e9 remis au proviseur, Arioy\u00e9 Inoussa, qui a exprim\u00e9 sa gratitude face \u00e0 ce geste : \u00ab Nos \u00e9l\u00e8ves ont besoin de ressources pour nourrir leur esprit. Ce don vient renforcer notre biblioth\u00e8que, qui est le c\u0153ur battant du savoir dans l\u2019\u00e9tablissement. \u00bb<\/p>\n<p>Les \u00e9l\u00e8ves ont \u00e9galement \u00e9t\u00e9 interpell\u00e9s \u00e0 travers les discours et t\u00e9moignages des anciens.<\/p>\n<p> Kl\u00e9 Bl\u00e9 Donatien et Fabrice Goho, deux \u00e9crivains issus du lyc\u00e9e, ont invit\u00e9 les jeunes \u00e0 d\u00e9couvrir la richesse que renferment les livres. \u00ab La lecture a chang\u00e9 nos vies. Elle peut aussi transformer la v\u00f4tre \u00bb, a lanc\u00e9 Fabrice Goho.<\/p>\n<p>Les \u00e9l\u00e8ves, par la voix de leur repr\u00e9sentante Tia Ariane, ont salu\u00e9 cette initiative avec reconnaissance et se sont engag\u00e9s \u00e0 utiliser ces ouvrages pour renforcer leurs connaissances.<\/p>\n<p>Les autorit\u00e9s pr\u00e9sentes, dont des repr\u00e9sentants de la DRENA, de la mairie, du Conseil r\u00e9gional, du pr\u00e9fet, ainsi que le parrain K\u00e9i Koffi D\u00e9sir\u00e9, et le pr\u00e9sident d\u2019honneur Jo\u00e9 Dimitri Vl\u00e9i, ont tous salu\u00e9 cette action citoyenne.<\/p>\n<p><strong>Beker Yao<\/strong><\/p>\n","protected":false},"excerpt":{"rendered":"<p>Le mercredi 7 mai 2025, les anciens \u00e9l\u00e8ves du Lyc\u00e9e Moderne de Guiglo, regroup\u00e9s au sein de l\u2019Amicale des Potes et Potesses (les POTES), ont fait un don de neuf cartons de livres et de mat\u00e9riel sanitaire \u00e0 leur ancien \u00e9tablissement. Cette initiative vise avant tout \u00e0 r\u00e9concilier les \u00e9l\u00e8ves avec la lecture, dans un [&hellip;]<\/p>\n","protected":false},"author":4,"featured_media":38129,"comment_status":"closed","ping_status":"closed","sticky":false,"template":"","format":"standard","meta":{"_monsterinsights_skip_tracking":false,"_monsterinsights_sitenote_active":false,"_monsterinsights_sitenote_note":"","_monsterinsights_sitenote_category":0,"footnotes":""},"categories":[2,20,3],"tags":[853,674,5137,4939],"class_list":["post-38128","post","type-post","status-publish","format-standard","has-post-thumbnail","hentry","category-featured","category-art-et-culture","category-societe","tag-eleves","tag-guiglo","tag-lecture","tag-livres"],"_links":{"self":[{"href":"https:\/\/www.lintelligentdabidjan.info\/news\/wp-json\/wp\/v2\/posts\/38128","targetHints":{"allow":["GET"]}}],"collection":[{"href":"https:\/\/www.lintelligentdabidjan.info\/news\/wp-json\/wp\/v2\/posts"}],"about":[{"href":"https:\/\/www.lintelligentdabidjan.info\/news\/wp-json\/wp\/v2\/types\/post"}],"author":[{"embeddable":true,"href":"https:\/\/www.lintelligentdabidjan.info\/news\/wp-json\/wp\/v2\/users\/4"}],"replies":[{"embeddable":true,"href":"https:\/\/www.lintelligentdabidjan.info\/news\/wp-json\/wp\/v2\/comments?post=38128"}],"version-history":[{"count":1,"href":"https:\/\/www.lintelligentdabidjan.info\/news\/wp-json\/wp\/v2\/posts\/38128\/revisions"}],"predecessor-version":[{"id":38130,"href":"https:\/\/www.lintelligentdabidjan.info\/news\/wp-json\/wp\/v2\/posts\/38128\/revisions\/38130"}],"wp:featuredmedia":[{"embeddable":true,"href":"https:\/\/www.lintelligentdabidjan.info\/news\/wp-json\/wp\/v2\/media\/38129"}],"wp:attachment":[{"href":"https:\/\/www.lintelligentdabidjan.info\/news\/wp-json\/wp\/v2\/media?parent=38128"}],"wp:term":[{"taxonomy":"category","embeddable":true,"href":"https:\/\/www.lintelligentdabidjan.info\/news\/wp-json\/wp\/v2\/categories?post=38128"},{"taxonomy":"post_tag","embeddable":true,"href":"https:\/\/www.lintelligentdabidjan.info\/news\/wp-json\/wp\/v2\/tags?post=38128"}],"curies":[{"name":"wp","href":"https:\/\/api.w.org\/{rel}","templated":true}]}}