{"id":38134,"date":"2025-05-09T05:26:03","date_gmt":"2025-05-09T03:26:03","guid":{"rendered":"https:\/\/www.lintelligentdabidjan.info\/news\/?p=38134"},"modified":"2025-05-09T05:36:09","modified_gmt":"2025-05-09T03:36:09","slug":"redaction-administrative-et-mediation-institutionnelle-le-mediateur-de-la-republique-forme-ses-agents","status":"publish","type":"post","link":"https:\/\/www.lintelligentdabidjan.info\/news\/redaction-administrative-et-mediation-institutionnelle-le-mediateur-de-la-republique-forme-ses-agents\/","title":{"rendered":"R\u00e9daction administrative et m\u00e9diation institutionnelle-  Le M\u00e9diateur de la R\u00e9publique forme ses agents"},"content":{"rendered":"<p><em><strong>Dans le but de renforcer les comp\u00e9tences de son personnel, le M\u00e9diateur de la R\u00e9publique a organis\u00e9, le mercredi 07 mai 2025, un atelier de formation \u00e0 son si\u00e8ge situ\u00e9 \u00e0 Abidjan-Cocody. Une cinquantaine de participants ont pris part \u00e0 cette session, notamment des charg\u00e9s d\u2019instruction, des assistants du m\u00e9diateur d\u00e9l\u00e9gu\u00e9, ainsi que des m\u00e9diateurs d\u00e9l\u00e9gu\u00e9s.<\/strong><\/em><\/p>\n<p>Cet atelier s\u2019inscrit dans une dynamique d\u2019am\u00e9lioration continue des performances des agents, en particulier dans deux domaines cl\u00e9s \u00e0 savoir la r\u00e9daction administrative et la m\u00e9diation institutionnelle. Deux disciplines jug\u00e9es essentielles pour garantir un service public de qualit\u00e9, accessible et efficace.<\/p>\n<p>Repr\u00e9sentant Monsieur Daouda TANON, Directeur de Cabinet, Sarah Soumahoro Dogoua a pr\u00e9sid\u00e9 la c\u00e9r\u00e9monie d\u2019ouverture. Dans son intervention, elle a salu\u00e9 l&#8217;engagement des participants et a rappel\u00e9 l\u2019importance de cette formation dans le contexte actuel.<\/p>\n<p>\u00ab L\u2019organisation de cette formation r\u00e9pond \u00e0 un double imp\u00e9ratif : renforcer nos capacit\u00e9s en techniques r\u00e9dactionnelles de documents administratifs, mais \u00e9galement permettre un traitement efficient des requ\u00eates et une gestion efficace des conflits soumis \u00e0 l\u2019attention de l\u2019institution \u00bb, a-t-elle affirm\u00e9, soulignant ainsi la vision d\u2019une m\u00e9diation proactive et dynamique, port\u00e9e par le M\u00e9diateur de la R\u00e9publique.<\/p>\n<p>Poursuivant son propos, elle a exhort\u00e9 les participants \u00e0 tirer pleinement profit de cette opportunit\u00e9 de perfectionnement :<\/p>\n<p>\u00ab La r\u00e9daction administrative et la m\u00e9diation institutionnelle repr\u00e9sentent des leviers essentiels pour am\u00e9liorer les relations entre l\u2019administration et les usagers. Il est donc indispensable de ma\u00eetriser ces outils pour mieux servir. \u00bb<\/p>\n<p>Enfin, elle conclut en citant un adage bien connu des communicateurs : \u00ab Ce qui se con\u00e7oit bien s\u2019\u00e9nonce clairement, et les mots pour le dire arrivent ais\u00e9ment \u00bb, appelant ainsi \u00e0 une meilleure ma\u00eetrise de la langue administrative et des techniques de r\u00e9solution des conflits.<\/p>\n<p>Cet atelier s\u2019annonce comme une \u00e9tape importante dans la professionnalisation continue des agents du M\u00e9diateur de la R\u00e9publique, en phase avec les attentes croissantes des citoyens en mati\u00e8re de transparence, d\u2019\u00e9coute et de r\u00e9activit\u00e9. Sur une dur\u00e9e de trois jours, ils recevront des formations des personnalit\u00e9s telles que Charles Kouassi, pr\u00e9fet hors grade Directeur de Cabinet de l\u2019Inspecteur G\u00e9n\u00e9ral d\u2019Etat, Alain Zouzou ainsi que de nombreux autres formateurs.<\/p>\n<p> .<\/p>\n<p><strong>Olivier Dion avec G\u00e9rard Batoua<\/strong><\/p>\n","protected":false},"excerpt":{"rendered":"<p>Dans le but de renforcer les comp\u00e9tences de son personnel, le M\u00e9diateur de la R\u00e9publique a organis\u00e9, le mercredi 07 mai 2025, un atelier de formation \u00e0 son si\u00e8ge situ\u00e9 \u00e0 Abidjan-Cocody. Une cinquantaine de participants ont pris part \u00e0 cette session, notamment des charg\u00e9s d\u2019instruction, des assistants du m\u00e9diateur d\u00e9l\u00e9gu\u00e9, ainsi que des m\u00e9diateurs [&hellip;]<\/p>\n","protected":false},"author":4,"featured_media":38142,"comment_status":"closed","ping_status":"closed","sticky":false,"template":"","format":"standard","meta":{"_monsterinsights_skip_tracking":false,"_monsterinsights_sitenote_active":false,"_monsterinsights_sitenote_note":"","_monsterinsights_sitenote_category":0,"footnotes":""},"categories":[2,3],"tags":[5143,5141,1590,5142],"class_list":["post-38134","post","type-post","status-publish","format-standard","has-post-thumbnail","hentry","category-featured","category-societe","tag-abidjan-cocody","tag-dans-le-but-de-renforcer-les-competences-de-son-personnel","tag-formation","tag-le-mediateur-de-la-republique-un-atelier"],"_links":{"self":[{"href":"https:\/\/www.lintelligentdabidjan.info\/news\/wp-json\/wp\/v2\/posts\/38134","targetHints":{"allow":["GET"]}}],"collection":[{"href":"https:\/\/www.lintelligentdabidjan.info\/news\/wp-json\/wp\/v2\/posts"}],"about":[{"href":"https:\/\/www.lintelligentdabidjan.info\/news\/wp-json\/wp\/v2\/types\/post"}],"author":[{"embeddable":true,"href":"https:\/\/www.lintelligentdabidjan.info\/news\/wp-json\/wp\/v2\/users\/4"}],"replies":[{"embeddable":true,"href":"https:\/\/www.lintelligentdabidjan.info\/news\/wp-json\/wp\/v2\/comments?post=38134"}],"version-history":[{"count":1,"href":"https:\/\/www.lintelligentdabidjan.info\/news\/wp-json\/wp\/v2\/posts\/38134\/revisions"}],"predecessor-version":[{"id":38135,"href":"https:\/\/www.lintelligentdabidjan.info\/news\/wp-json\/wp\/v2\/posts\/38134\/revisions\/38135"}],"wp:featuredmedia":[{"embeddable":true,"href":"https:\/\/www.lintelligentdabidjan.info\/news\/wp-json\/wp\/v2\/media\/38142"}],"wp:attachment":[{"href":"https:\/\/www.lintelligentdabidjan.info\/news\/wp-json\/wp\/v2\/media?parent=38134"}],"wp:term":[{"taxonomy":"category","embeddable":true,"href":"https:\/\/www.lintelligentdabidjan.info\/news\/wp-json\/wp\/v2\/categories?post=38134"},{"taxonomy":"post_tag","embeddable":true,"href":"https:\/\/www.lintelligentdabidjan.info\/news\/wp-json\/wp\/v2\/tags?post=38134"}],"curies":[{"name":"wp","href":"https:\/\/api.w.org\/{rel}","templated":true}]}}