{"id":38136,"date":"2025-05-09T05:28:54","date_gmt":"2025-05-09T03:28:54","guid":{"rendered":"https:\/\/www.lintelligentdabidjan.info\/news\/?p=38136"},"modified":"2025-05-09T05:28:54","modified_gmt":"2025-05-09T03:28:54","slug":"daloa-le-rip-ept-plaide-pour-lacces-a-leducation-des-couches-vulnerables-en-contexte-durgence","status":"publish","type":"post","link":"https:\/\/www.lintelligentdabidjan.info\/news\/daloa-le-rip-ept-plaide-pour-lacces-a-leducation-des-couches-vulnerables-en-contexte-durgence\/","title":{"rendered":"Daloa : Le RIP-EPT plaide pour l\u2019acc\u00e8s \u00e0 l\u2019\u00e9ducation des couches vuln\u00e9rables en contexte d\u2019urgence"},"content":{"rendered":"<p><em><strong>La pr\u00e9fecture de Daloa a accueilli, le mercredi 7 mai 2025, la c\u00e9r\u00e9monie de cl\u00f4ture de la Semaine mondiale d\u2019action pour l\u2019\u00e9ducation (SMAE).<\/strong><\/em><\/p>\n<p>Initi\u00e9e par le R\u00e9seau Ivoirien pour la Promotion de l\u2019\u00c9ducation Pour Tous (RIP-EPT), cette rencontre avait pour objectif d\u2019engager la r\u00e9flexion sur la protection de l\u2019\u00e9ducation en p\u00e9riode de crise, notamment en faveur des populations les plus vuln\u00e9rables.<\/p>\n<p>Plac\u00e9e sous le th\u00e8me \u00ab Quelles mesures pour la protection de l\u2019\u00e9ducation en situations d\u2019urgence (ESU), surtout en faveur des couches vuln\u00e9rables d\u00e9favoris\u00e9es \u00bb, la c\u00e9r\u00e9monie a r\u00e9uni les autorit\u00e9s pr\u00e9fectorales, les responsables \u00e9ducatifs, les repr\u00e9sentants du conseil r\u00e9gional, du conseil municipal, ainsi que les \u00e9l\u00e8ves du CAFOP, dans une d\u00e9marche collective de recherche de solutions durables.<\/p>\n<p>Dans son intervention, Dob\u00e9 Patrick, vice-pr\u00e9sident du RIP-EPT, a salu\u00e9 les efforts du minist\u00e8re de l\u2019\u00c9ducation nationale face aux r\u00e9cents d\u00e9fis travers\u00e9s par le pays. \u00ab Nous avons connu la pand\u00e9mie de Covid-19, et nous sommes actuellement dans une ann\u00e9e \u00e9lectorale. Malgr\u00e9 cela, nous avons constat\u00e9 que le syst\u00e8me \u00e9ducatif s\u2019est adapt\u00e9 et a pris les dispositions n\u00e9cessaires pour assurer la continuit\u00e9 de l\u2019enseignement \u00bb, a-t-il indiqu\u00e9.<\/p>\n<p>Il a \u00e9galement encourag\u00e9 tous les acteurs du secteur \u00e0 maintenir leur engagement. \u00ab Il faut continuer de bien faire notre travail, \u0153uvrer pour la qualit\u00e9 de l\u2019\u00e9ducation et solliciter le soutien constant de nos partenaires, afin que l\u2019\u00e9cole demeure un pilier du d\u00e9veloppement et de la prosp\u00e9rit\u00e9 nationale \u00bb, a-t-il ajout\u00e9.<\/p>\n<p>Repr\u00e9sentant le pr\u00e9fet de r\u00e9gion, K\u00e9non Honor\u00e9 a, pour sa part, f\u00e9licit\u00e9 les organisateurs pour cette initiative enrichissante.<\/p>\n<p>Il a rappel\u00e9 que l\u2019\u00c9tat ivoirien a entrepris plusieurs r\u00e9formes structurelles et d\u00e9ploy\u00e9 des moyens pour am\u00e9liorer les conditions de travail aussi bien des enseignants que des apprenants.<\/p>\n<p>\u00c0 travers cette mobilisation, le RIP-EPT r\u00e9affirme son engagement \u00e0 d\u00e9fendre le droit \u00e0 l\u2019\u00e9ducation pour tous, y compris en p\u00e9riode d\u2019instabilit\u00e9, et appelle \u00e0 une synergie d\u2019actions pour construire une \u00e9cole ivoirienne plus r\u00e9siliente.<\/p>\n<p><strong>Beker Yao<\/strong><\/p>\n","protected":false},"excerpt":{"rendered":"<p>La pr\u00e9fecture de Daloa a accueilli, le mercredi 7 mai 2025, la c\u00e9r\u00e9monie de cl\u00f4ture de la Semaine mondiale d\u2019action pour l\u2019\u00e9ducation (SMAE). Initi\u00e9e par le R\u00e9seau Ivoirien pour la Promotion de l\u2019\u00c9ducation Pour Tous (RIP-EPT), cette rencontre avait pour objectif d\u2019engager la r\u00e9flexion sur la protection de l\u2019\u00e9ducation en p\u00e9riode de crise, notamment en [&hellip;]<\/p>\n","protected":false},"author":4,"featured_media":38137,"comment_status":"closed","ping_status":"closed","sticky":false,"template":"","format":"standard","meta":{"_monsterinsights_skip_tracking":false,"_monsterinsights_sitenote_active":false,"_monsterinsights_sitenote_note":"","_monsterinsights_sitenote_category":0,"footnotes":""},"categories":[2,3],"tags":[3997,5145,105,1200,5144],"class_list":["post-38136","post","type-post","status-publish","format-standard","has-post-thumbnail","hentry","category-featured","category-societe","tag-acces","tag-couches-vulnerables","tag-daloa","tag-education","tag-le-rip-ept"],"_links":{"self":[{"href":"https:\/\/www.lintelligentdabidjan.info\/news\/wp-json\/wp\/v2\/posts\/38136","targetHints":{"allow":["GET"]}}],"collection":[{"href":"https:\/\/www.lintelligentdabidjan.info\/news\/wp-json\/wp\/v2\/posts"}],"about":[{"href":"https:\/\/www.lintelligentdabidjan.info\/news\/wp-json\/wp\/v2\/types\/post"}],"author":[{"embeddable":true,"href":"https:\/\/www.lintelligentdabidjan.info\/news\/wp-json\/wp\/v2\/users\/4"}],"replies":[{"embeddable":true,"href":"https:\/\/www.lintelligentdabidjan.info\/news\/wp-json\/wp\/v2\/comments?post=38136"}],"version-history":[{"count":1,"href":"https:\/\/www.lintelligentdabidjan.info\/news\/wp-json\/wp\/v2\/posts\/38136\/revisions"}],"predecessor-version":[{"id":38138,"href":"https:\/\/www.lintelligentdabidjan.info\/news\/wp-json\/wp\/v2\/posts\/38136\/revisions\/38138"}],"wp:featuredmedia":[{"embeddable":true,"href":"https:\/\/www.lintelligentdabidjan.info\/news\/wp-json\/wp\/v2\/media\/38137"}],"wp:attachment":[{"href":"https:\/\/www.lintelligentdabidjan.info\/news\/wp-json\/wp\/v2\/media?parent=38136"}],"wp:term":[{"taxonomy":"category","embeddable":true,"href":"https:\/\/www.lintelligentdabidjan.info\/news\/wp-json\/wp\/v2\/categories?post=38136"},{"taxonomy":"post_tag","embeddable":true,"href":"https:\/\/www.lintelligentdabidjan.info\/news\/wp-json\/wp\/v2\/tags?post=38136"}],"curies":[{"name":"wp","href":"https:\/\/api.w.org\/{rel}","templated":true}]}}