{"id":38154,"date":"2025-05-12T06:48:08","date_gmt":"2025-05-12T04:48:08","guid":{"rendered":"https:\/\/www.lintelligentdabidjan.info\/news\/?p=38154"},"modified":"2025-05-12T06:48:13","modified_gmt":"2025-05-12T04:48:13","slug":"lutte-contre-la-desinformation-et-les-discours-haineux-le-reprelci-forme-une-trentaine-de-journalistes","status":"publish","type":"post","link":"https:\/\/www.lintelligentdabidjan.info\/news\/lutte-contre-la-desinformation-et-les-discours-haineux-le-reprelci-forme-une-trentaine-de-journalistes\/","title":{"rendered":"Lutte contre la d\u00e9sinformation et les discours haineux &#8211;  Le REPRELCI forme une  trentaine de journalistes"},"content":{"rendered":"<p><strong>\u00c0 l\u2019approche des \u00e9lections pr\u00e9sidentielles en C\u00f4te d\u2019Ivoire, le R\u00e9seau des Professionnels de la Presse en Ligne (REPRELCI), \u00e0 travers son projet Lucide, a organis\u00e9 une session de formation \u00e0 l\u2019intention d\u2019une trentaine de journalistes venus de Bouak\u00e9 et ceux venus d\u2019Abidjan. Objectif : renforcer leurs comp\u00e9tences en techniques de fact-checking et en d\u00e9tection des discours haineux dans les contenus politiques.<\/strong><\/p>\n<p>La formation, tenue dans un h\u00f4tel de Bouak\u00e9, a rassembl\u00e9 des professionnels des m\u00e9dias soucieux de jouer un r\u00f4le responsable en cette p\u00e9riode sensible. Trois formateurs de renom ont anim\u00e9 l\u2019atelier : Zio Moussa, pr\u00e9sident de l\u2019Observatoire de la Libert\u00e9 de la Presse, de l\u2019\u00c9thique et de la D\u00e9ontologie (OLPED), Lucien Houedanou, pr\u00e9sident du C\u00e9nacle des Journalistes S\u00e9niors de C\u00f4te d\u2019Ivoire, et K\u00e9b\u00e9 Mamadi, journaliste fact-checkeur.<\/p>\n<p>Dans son discours d\u2019ouverture, Traor\u00e9 Mamadou, vice-pr\u00e9sident du REPRELCI et coordonnateur du projet Lucide, a rappel\u00e9 les enjeux de cette initiative cofinanc\u00e9e par l\u2019Agence de Soutien des M\u00e9dias (ASDM) et l\u2019UNESCO. \u00ab Nous sommes \u00e0 l\u2019or\u00e9e d\u2019un scrutin majeur, et les journalistes ont un r\u00f4le crucial \u00e0 jouer pour la pr\u00e9servation de la paix. En leur donnant les outils pour v\u00e9rifier l\u2019information et identifier les propos haineux, nous contribuons \u00e0 un climat \u00e9lectoral plus serein \u00bb, a-t-il d\u00e9clar\u00e9. Il a \u00e9galement mis en garde contre la prolif\u00e9ration des fake news sur les r\u00e9seaux sociaux, qu\u2019il consid\u00e8re comme une menace pour la coh\u00e9sion nationale.<\/p>\n<p>Prenant la parole \u00e0 son tour, Lucien Houedanou a exhort\u00e9 les journalistes \u00e0 redoubler de vigilance dans le traitement des discours politiques. \u00ab Il est imp\u00e9ratif de ne pas relayer les propos haineux, aussi spectaculaires soient-ils. Le respect de l\u2019\u00e9thique et de la d\u00e9ontologie journalistique doit primer \u00bb, a-t-il insist\u00e9.<\/p>\n<p>Durant l\u2019atelier, les participants ont altern\u00e9 entre expos\u00e9s th\u00e9oriques, exercices pratiques et \u00e9changes d\u2019exp\u00e9riences. Une dynamique salu\u00e9e par St\u00e9phane Kouakou, journaliste \u00e0 Bouak\u00e9 : \u00ab Cette formation est une v\u00e9ritable bouff\u00e9e d\u2019air frais pour nous, surtout en p\u00e9riode \u00e9lectorale. Elle nous rappelle l\u2019essentiel : ne pas tomber dans le pi\u00e8ge de la propagande et rester fid\u00e8les \u00e0 notre mission d\u2019information. \u00bb<\/p>\n<p>La session s\u2019est cl\u00f4tur\u00e9e par une s\u00e9rie de visites dans plusieurs stations radios locales. Les formateurs y ont men\u00e9 des s\u00e9ances de sensibilisation sur le r\u00f4le des m\u00e9dias en p\u00e9riode \u00e9lectorale et remis une charte d\u2019\u00e9thique concernant l\u2019usage de l\u2019intelligence artificielle dans la production de l\u2019information.<\/p>\n<p><strong>Nambac\u00e9r\u00e9 Jo\u00ebl <\/strong><\/p>\n","protected":false},"excerpt":{"rendered":"<p>\u00c0 l\u2019approche des \u00e9lections pr\u00e9sidentielles en C\u00f4te d\u2019Ivoire, le R\u00e9seau des Professionnels de la Presse en Ligne (REPRELCI), \u00e0 travers son projet Lucide, a organis\u00e9 une session de formation \u00e0 l\u2019intention d\u2019une trentaine de journalistes venus de Bouak\u00e9 et ceux venus d\u2019Abidjan. Objectif : renforcer leurs comp\u00e9tences en techniques de fact-checking et en d\u00e9tection des [&hellip;]<\/p>\n","protected":false},"author":4,"featured_media":38155,"comment_status":"closed","ping_status":"closed","sticky":false,"template":"","format":"standard","meta":{"_monsterinsights_skip_tracking":false,"_monsterinsights_sitenote_active":false,"_monsterinsights_sitenote_note":"","_monsterinsights_sitenote_category":0,"footnotes":""},"categories":[2,3],"tags":[3838,5153,1036,5154],"class_list":["post-38154","post","type-post","status-publish","format-standard","has-post-thumbnail","hentry","category-featured","category-societe","tag-desinformation","tag-discours-haineux","tag-journalistes","tag-reprelci"],"_links":{"self":[{"href":"https:\/\/www.lintelligentdabidjan.info\/news\/wp-json\/wp\/v2\/posts\/38154","targetHints":{"allow":["GET"]}}],"collection":[{"href":"https:\/\/www.lintelligentdabidjan.info\/news\/wp-json\/wp\/v2\/posts"}],"about":[{"href":"https:\/\/www.lintelligentdabidjan.info\/news\/wp-json\/wp\/v2\/types\/post"}],"author":[{"embeddable":true,"href":"https:\/\/www.lintelligentdabidjan.info\/news\/wp-json\/wp\/v2\/users\/4"}],"replies":[{"embeddable":true,"href":"https:\/\/www.lintelligentdabidjan.info\/news\/wp-json\/wp\/v2\/comments?post=38154"}],"version-history":[{"count":1,"href":"https:\/\/www.lintelligentdabidjan.info\/news\/wp-json\/wp\/v2\/posts\/38154\/revisions"}],"predecessor-version":[{"id":38156,"href":"https:\/\/www.lintelligentdabidjan.info\/news\/wp-json\/wp\/v2\/posts\/38154\/revisions\/38156"}],"wp:featuredmedia":[{"embeddable":true,"href":"https:\/\/www.lintelligentdabidjan.info\/news\/wp-json\/wp\/v2\/media\/38155"}],"wp:attachment":[{"href":"https:\/\/www.lintelligentdabidjan.info\/news\/wp-json\/wp\/v2\/media?parent=38154"}],"wp:term":[{"taxonomy":"category","embeddable":true,"href":"https:\/\/www.lintelligentdabidjan.info\/news\/wp-json\/wp\/v2\/categories?post=38154"},{"taxonomy":"post_tag","embeddable":true,"href":"https:\/\/www.lintelligentdabidjan.info\/news\/wp-json\/wp\/v2\/tags?post=38154"}],"curies":[{"name":"wp","href":"https:\/\/api.w.org\/{rel}","templated":true}]}}