{"id":38157,"date":"2025-05-12T06:52:30","date_gmt":"2025-05-12T04:52:30","guid":{"rendered":"https:\/\/www.lintelligentdabidjan.info\/news\/?p=38157"},"modified":"2025-05-12T06:53:42","modified_gmt":"2025-05-12T04:53:42","slug":"jicar-2025-un-rendez-vous-incontournable-des-courtiers-en-assurance-et-reassurance","status":"publish","type":"post","link":"https:\/\/www.lintelligentdabidjan.info\/news\/jicar-2025-un-rendez-vous-incontournable-des-courtiers-en-assurance-et-reassurance\/","title":{"rendered":"Jicar 2025-Un rendez-vous incontournable des courtiers en assurance et r\u00e9assurance"},"content":{"rendered":"<p><em><strong>Le pr\u00e9sident de l\u2019Association Nationale des Courtiers d\u2019Assurance et de R\u00e9assurance de C\u00f4te d\u2019Ivoire (Ancarci ), N\u2019Gnineman Coulibaly a anim\u00e9 une conf\u00e9rence de presse, le vendredi 09 mai 2025 au si\u00e8ge de l\u2019association \u00e0 Abidjan-Plateau pour annoncer la tenue de la premi\u00e8re \u00e9dition de la Journ\u00e9e Ivoirienne  du Courtage en Assurance et R\u00e9assurance ( Jicar).<\/strong><\/em><\/p>\n<p>Au cours de cette conf\u00e9rence de presse, le pr\u00e9sident de l\u2019Association Nationale des Courtiers d\u2019Assurance et de R\u00e9assurance de C\u00f4te d\u2019Ivoire (Ancarci), N\u2019Gnineman Coulibaly a confirm\u00e9 que la premi\u00e8re \u00e9dition de la Journ\u00e9e Ivoirienne  du Courtage en Assurance et R\u00e9assurance (Jicar) se tiendra du 12 au 13 juin 2025 \u00e0 l\u2019espace Jeckad d\u2019Angr\u00e9 7\u00e8 Tranche. Selon lui, cet \u00e9v\u00e9nement vise \u00e0 cr\u00e9er un espace de dialogue, de collaboration et d\u2019engagement pour un courtage plus innovant, plus responsable, et profond\u00e9ment enracin\u00e9 dans les r\u00e9alit\u00e9s et les ambitions de la zone Cima. \u00ab Cet \u00e9v\u00e9nement, qui se tiendra du 12 au juin 2025 se veut \u00eatre un moment fort de r\u00e9flexion, de partage et d\u2019engagement. Il r\u00e9unira des acteurs de premier plan : courtiers, assureurs, r\u00e9assureurs, r\u00e9gulateurs, fintechs, universitaires, et d\u00e9cideurs publics et priv\u00e9s \u00bb, a-t-il d\u00e9clar\u00e9.<\/p>\n<p>Cet \u00e9v\u00e9nement est plac\u00e9 sous le th\u00e8me : \u2018\u2019Innovations technologiques et digitalisation dans le courtage en zone Cima\u2019\u2019. \u00ab La zone Cima fait face \u00e0 des d\u00e9fis multiples : vuln\u00e9rabilit\u00e9s climatiques, faible taux de p\u00e9n\u00e9tration de l\u2019assurance, \u00e9volution des attentes des assur\u00e9s, pression r\u00e9glementaire, et transformations technologiques rapides. Dans ce contexte, le courtier ne peut plus \u00eatre un simple interm\u00e9diaire. Ils doivent devenir des acteurs strat\u00e9giques de l\u2019innovation, des promoteurs de solutions durables, et des accompagnateurs des populations et des entreprises dans la gestion de leurs risques\u00bb, a ajout\u00e9 N\u2019Gnineman Coulibaly pr\u00e9cisant que l\u2019innovation, qu\u2019elle soit technologique, organisationnelle ou sociale, est une r\u00e9ponse essentielle. \u00ab Elle nous permettra de mieux comprendre les besoins de nos clients gr\u00e2ce \u00e0 la data et \u00e0 l\u2019intelligence artificielle, de concevoir des produits inclusifs et adapt\u00e9s, notamment pour les populations vuln\u00e9rables, de renforcer la transparence, la confiance et l\u2019efficacit\u00e9 dans nos relations avec les assureurs et les r\u00e9assureurs, et surtout, de jouer pleinement notre r\u00f4le dans la transition vers une \u00e9conomie plus r\u00e9siliente et plus responsable\u00bb, a-t-il conclu.<\/p>\n<p><strong>Tour\u00e9 Abdoulaye avec A. Traor\u00e9 <\/strong><\/p>\n","protected":false},"excerpt":{"rendered":"<p>Le pr\u00e9sident de l\u2019Association Nationale des Courtiers d\u2019Assurance et de R\u00e9assurance de C\u00f4te d\u2019Ivoire (Ancarci ), N\u2019Gnineman Coulibaly a anim\u00e9 une conf\u00e9rence de presse, le vendredi 09 mai 2025 au si\u00e8ge de l\u2019association \u00e0 Abidjan-Plateau pour annoncer la tenue de la premi\u00e8re \u00e9dition de la Journ\u00e9e Ivoirienne du Courtage en Assurance et R\u00e9assurance ( Jicar). [&hellip;]<\/p>\n","protected":false},"author":4,"featured_media":38158,"comment_status":"closed","ping_status":"closed","sticky":false,"template":"","format":"standard","meta":{"_monsterinsights_skip_tracking":false,"_monsterinsights_sitenote_active":false,"_monsterinsights_sitenote_note":"","_monsterinsights_sitenote_category":0,"footnotes":""},"categories":[2,3],"tags":[5157,5156,5159,5158,5155],"class_list":["post-38157","post","type-post","status-publish","format-standard","has-post-thumbnail","hentry","category-featured","category-societe","tag-assurance","tag-courtiers","tag-jicar-2025","tag-reassurance","tag-un-rendez-vous"],"_links":{"self":[{"href":"https:\/\/www.lintelligentdabidjan.info\/news\/wp-json\/wp\/v2\/posts\/38157","targetHints":{"allow":["GET"]}}],"collection":[{"href":"https:\/\/www.lintelligentdabidjan.info\/news\/wp-json\/wp\/v2\/posts"}],"about":[{"href":"https:\/\/www.lintelligentdabidjan.info\/news\/wp-json\/wp\/v2\/types\/post"}],"author":[{"embeddable":true,"href":"https:\/\/www.lintelligentdabidjan.info\/news\/wp-json\/wp\/v2\/users\/4"}],"replies":[{"embeddable":true,"href":"https:\/\/www.lintelligentdabidjan.info\/news\/wp-json\/wp\/v2\/comments?post=38157"}],"version-history":[{"count":3,"href":"https:\/\/www.lintelligentdabidjan.info\/news\/wp-json\/wp\/v2\/posts\/38157\/revisions"}],"predecessor-version":[{"id":38161,"href":"https:\/\/www.lintelligentdabidjan.info\/news\/wp-json\/wp\/v2\/posts\/38157\/revisions\/38161"}],"wp:featuredmedia":[{"embeddable":true,"href":"https:\/\/www.lintelligentdabidjan.info\/news\/wp-json\/wp\/v2\/media\/38158"}],"wp:attachment":[{"href":"https:\/\/www.lintelligentdabidjan.info\/news\/wp-json\/wp\/v2\/media?parent=38157"}],"wp:term":[{"taxonomy":"category","embeddable":true,"href":"https:\/\/www.lintelligentdabidjan.info\/news\/wp-json\/wp\/v2\/categories?post=38157"},{"taxonomy":"post_tag","embeddable":true,"href":"https:\/\/www.lintelligentdabidjan.info\/news\/wp-json\/wp\/v2\/tags?post=38157"}],"curies":[{"name":"wp","href":"https:\/\/api.w.org\/{rel}","templated":true}]}}