{"id":38180,"date":"2025-05-13T06:49:58","date_gmt":"2025-05-13T04:49:58","guid":{"rendered":"https:\/\/www.lintelligentdabidjan.info\/news\/?p=38180"},"modified":"2025-05-13T06:50:34","modified_gmt":"2025-05-13T04:50:34","slug":"lintelligent-en-pdf-croissance-en-afrique-ouattara-ramaphosa-kagame-faye-et-ghazouani-mobilises","status":"publish","type":"post","link":"https:\/\/www.lintelligentdabidjan.info\/news\/lintelligent-en-pdf-croissance-en-afrique-ouattara-ramaphosa-kagame-faye-et-ghazouani-mobilises\/","title":{"rendered":"L&#8217;Intelligent en PDF:    Croissance en Afrique    Ouattara, Ramaphosa, Kagam\u00e9, Faye et Ghazouani mobilis\u00e9s"},"content":{"rendered":"<p><strong>Organis\u00e9 par le groupe Jeune Afrique, en collaboration avec le gouvernement ivoirien, l\u2019Africa CEO Forum, qui se tient pour la cinqui\u00e8me fois \u00e0 Abidjan, en C\u00f4te d\u2019Ivoire, a \u00e9t\u00e9 ouvert par le pr\u00e9sident Alassane Ouattara, le lundi 12 mai 2025.En pr\u00e9sence des pr\u00e9sidents Cyril Ramaphosa (Afrique du Sud), Mohamed Ould El Ghazouani (Mauritanie), Paul Kagame (Rwanda) et Bassirou Diomaye Faye (S\u00e9n\u00e9gal), le chef de l\u2019\u00c9tat ivoirien a pr\u00e9sent\u00e9 les d\u00e9fis \u00e0 relever par les pays africains dans un monde de plus en plus boulevers\u00e9 par des crises. Comment s&#8217;est d\u00e9roul\u00e9e l&#8217;ouverture de Africa CEO Forum? <\/strong><\/p>\n<p>Article \u00e0 d\u00e9couvrir dans vos kiosques et en ligne sur&#8230;<\/p>\n<p><a href=\"https:\/\/news.abidjan.net\/titrologie\/39-lintelligent-dabidjan\/articles\" target=\"_blank\">https:\/\/news.abidjan.net\/titrologie\/39-lintelligent-dabidjan\/articles<\/a><\/p>\n<p>\u00c0 lire aussi Pdci-Rda et Tidjane Thiam, l&#8221;\u00e9vasion judiciaire, Anne Ouloto d\u00e9fend l\u2019investissement dans la paix \u00e0 New York hier, ce que Patrick Achi a dit sur Ouattara , Lass Mao Membre du Bureau politique du Pdci Rda contre le Congr\u00e8s de demain, la chronique litt\u00e9raire de De Kogny, la CHRONIQUE POST SILA de Boris Anselme Takou\u00e9.<\/p>\n<p>Cliquez pour les d\u00e9tails<\/p>\n<p><a href=\"https:\/\/www.afrikipresse.fr\/abonnement\" target=\"_blank\">https:\/\/www.afrikipresse.fr\/abonnement<\/a><\/p>\n<p>\u00c0 voir \u00e9galement Amon D\u00e9sir\u00e9 Tano\u00e9 met la pression sur les d\u00e9put\u00e9s \u00e0 propos de l&#8217;amnistie pour Gbagbo,Soro et Bl\u00e9 Goud\u00e9.<\/p>\n<p><a href=\"https:\/\/www.pressecotedivoire.ci\/titrologie\" target=\"_blank\">https:\/\/www.pressecotedivoire.ci\/titrologie<\/a><\/p>\n","protected":false},"excerpt":{"rendered":"<p>Organis\u00e9 par le groupe Jeune Afrique, en collaboration avec le gouvernement ivoirien, l\u2019Africa CEO Forum, qui se tient pour la cinqui\u00e8me fois \u00e0 Abidjan, en C\u00f4te d\u2019Ivoire, a \u00e9t\u00e9 ouvert par le pr\u00e9sident Alassane Ouattara, le lundi 12 mai 2025.En pr\u00e9sence des pr\u00e9sidents Cyril Ramaphosa (Afrique du Sud), Mohamed Ould El Ghazouani (Mauritanie), Paul Kagame [&hellip;]<\/p>\n","protected":false},"author":4,"featured_media":38181,"comment_status":"closed","ping_status":"closed","sticky":false,"template":"","format":"standard","meta":{"_monsterinsights_skip_tracking":false,"_monsterinsights_sitenote_active":false,"_monsterinsights_sitenote_note":"","_monsterinsights_sitenote_category":0,"footnotes":""},"categories":[2,3],"tags":[],"class_list":["post-38180","post","type-post","status-publish","format-standard","has-post-thumbnail","hentry","category-featured","category-societe"],"_links":{"self":[{"href":"https:\/\/www.lintelligentdabidjan.info\/news\/wp-json\/wp\/v2\/posts\/38180","targetHints":{"allow":["GET"]}}],"collection":[{"href":"https:\/\/www.lintelligentdabidjan.info\/news\/wp-json\/wp\/v2\/posts"}],"about":[{"href":"https:\/\/www.lintelligentdabidjan.info\/news\/wp-json\/wp\/v2\/types\/post"}],"author":[{"embeddable":true,"href":"https:\/\/www.lintelligentdabidjan.info\/news\/wp-json\/wp\/v2\/users\/4"}],"replies":[{"embeddable":true,"href":"https:\/\/www.lintelligentdabidjan.info\/news\/wp-json\/wp\/v2\/comments?post=38180"}],"version-history":[{"count":1,"href":"https:\/\/www.lintelligentdabidjan.info\/news\/wp-json\/wp\/v2\/posts\/38180\/revisions"}],"predecessor-version":[{"id":38182,"href":"https:\/\/www.lintelligentdabidjan.info\/news\/wp-json\/wp\/v2\/posts\/38180\/revisions\/38182"}],"wp:featuredmedia":[{"embeddable":true,"href":"https:\/\/www.lintelligentdabidjan.info\/news\/wp-json\/wp\/v2\/media\/38181"}],"wp:attachment":[{"href":"https:\/\/www.lintelligentdabidjan.info\/news\/wp-json\/wp\/v2\/media?parent=38180"}],"wp:term":[{"taxonomy":"category","embeddable":true,"href":"https:\/\/www.lintelligentdabidjan.info\/news\/wp-json\/wp\/v2\/categories?post=38180"},{"taxonomy":"post_tag","embeddable":true,"href":"https:\/\/www.lintelligentdabidjan.info\/news\/wp-json\/wp\/v2\/tags?post=38180"}],"curies":[{"name":"wp","href":"https:\/\/api.w.org\/{rel}","templated":true}]}}