{"id":38197,"date":"2025-05-14T07:06:53","date_gmt":"2025-05-14T05:06:53","guid":{"rendered":"https:\/\/www.lintelligentdabidjan.info\/news\/?p=38197"},"modified":"2025-05-14T07:46:47","modified_gmt":"2025-05-14T05:46:47","slug":"gbeke-des-militants-du-pdci-rda-disent-non-au-congres-extraordinaire-du-jour","status":"publish","type":"post","link":"https:\/\/www.lintelligentdabidjan.info\/news\/gbeke-des-militants-du-pdci-rda-disent-non-au-congres-extraordinaire-du-jour\/","title":{"rendered":"Gb\u00eak\u00ea-  Des militants du PDCI RDA disent NON au congr\u00e8s extraordinaire du jour"},"content":{"rendered":"<p><em><strong>Des militants du PDCI RDA du Gb\u00eak\u00ea oppos\u00e9s au congr\u00e8s extraordinaire du parti pr\u00e9vu aujourd\u2019hui.<\/strong><\/em><\/p>\n<p>\u00c0 la veille du congr\u00e8s extraordinaire du PDCI-RDA, pr\u00e9vu ce mercredi 14 mai 2025, de vives tensions agitent la r\u00e9gion du Gb\u00eak\u00ea. Un groupe de militants, r\u00e9unis au sein du Collectif des militants du PDCI-RDA du Gb\u00eak\u00ea, a manifest\u00e9 son opposition ferme \u00e0 la tenue de cette rencontre politique.<\/p>\n<p>Lors d\u2019un point de presse organis\u00e9 ce mardi 13 mai 2025 dans un h\u00f4tel de Bouak\u00e9, Kouam\u00e9 Binger, porte-parole du collectif, a d\u00e9nonc\u00e9 ce qu\u2019il qualifie de \u00ab forfaiture \u00bb attribu\u00e9e \u00e0 la direction actuelle du parti. Selon lui, de nombreuses irr\u00e9gularit\u00e9s entachent le processus de pr\u00e9paration du congr\u00e8s, notamment des proc\u00e9dures judiciaires non r\u00e9solues et un calendrier jug\u00e9 pr\u00e9cipit\u00e9.<\/p>\n<p>Dans une d\u00e9claration solennelle adress\u00e9e au pr\u00e9fet de r\u00e9gion du Gb\u00eak\u00ea, lue publiquement devant la presse, le collectif a exig\u00e9 l\u2019annulation pure et simple du congr\u00e8s. Brandissant leurs cartes de militants en guise de l\u00e9gitimit\u00e9, les membres du groupe ont r\u00e9affirm\u00e9 leur attachement aux id\u00e9aux du PDCI-RDA. Ils appellent \u00e0 un retour \u00e0 l\u2019ordre statutaire et au respect scrupuleux des principes d\u00e9mocratiques qui fondent le fonctionnement interne du parti. Ci-dessous leur d\u00e9claration<\/p>\n<p>Le Dimanche 11 mai 2025 nous avons appris \u00e0 l\u2019instar de la communaut\u00e9 Nationale et internationale par voie de presse la D\u00e9mission de Monsieur Tidjane Thiam de la Pr\u00e9sidence du PDCI-RDA.<\/p>\n<p>Vu, l\u2019annonce et la date de la d\u00e9mission du pr\u00e9sident du parti PDCI-RDA ;<\/p>\n<p>Vu la date de la tenue du bureau politique le 12 Mai 2025 ;<\/p>\n<p>Vu, la date du 13 Mai 2025 des d\u00e9p\u00f4ts de candidature pour le compte de la pr\u00e9sidence du PDCI-RDA ;<\/p>\n<p>Vu la date du 14 Mai 2025 de la tenue du congr\u00e8s extraordinaire \u00e9clat\u00e9.<\/p>\n<p>Vu, la non prononciation du verdict final par le tribunal de premi\u00e8re instance d\u2019Abidjan\u2013plateau de l\u2019affaire opposant madame YAPO VAL\u00c9RIE et autres au PDCI-RDA.<\/p>\n<p>Nous, jeunes, femmes, hommes, \u00e9lus, sympathisants, militants et membres des instances locales du PDCI de la R\u00e9gion du Gb\u00eak\u00ea d\u00e9non\u00e7ons avec ultime \u00e9nergie l\u2019attitude tr\u00e8s peu transparente et irr\u00e9guli\u00e8re des actuels animateurs de notre grand parti quant aux agendas \u00e9lectoraux en charge de l\u2019organisation dudit Congr\u00e8s extraordinaire.<\/p>\n<p>D\u00e8s lors, nous nous engageons ici devant toute la presse et l\u2019ensemble des militants et sympathisants du PDCI-RDA de ne faire l\u2019\u00e9conomie d\u2019aucune action pour emp\u00eacher cette \u00e9ni\u00e8me tentative d\u2019instrumentalisation de notre puissant appareil politique si cher \u00e0 notre c\u0153ur mais dans la discipline et de mani\u00e8re l\u00e9gale.<\/p>\n<p><strong>Pour le collectif<br \/>\nLe Coordinateur : KOUAME BINGER<\/strong><\/p>\n<p>Fait \u00e0 Bouak\u00e9 le 13 Mai 2025<\/p>\n","protected":false},"excerpt":{"rendered":"<p>Des militants du PDCI RDA du Gb\u00eak\u00ea oppos\u00e9s au congr\u00e8s extraordinaire du parti pr\u00e9vu aujourd\u2019hui. \u00c0 la veille du congr\u00e8s extraordinaire du PDCI-RDA, pr\u00e9vu ce mercredi 14 mai 2025, de vives tensions agitent la r\u00e9gion du Gb\u00eak\u00ea. Un groupe de militants, r\u00e9unis au sein du Collectif des militants du PDCI-RDA du Gb\u00eak\u00ea, a manifest\u00e9 son [&hellip;]<\/p>\n","protected":false},"author":4,"featured_media":38225,"comment_status":"closed","ping_status":"closed","sticky":false,"template":"","format":"standard","meta":{"_monsterinsights_skip_tracking":false,"_monsterinsights_sitenote_active":false,"_monsterinsights_sitenote_note":"","_monsterinsights_sitenote_category":0,"footnotes":""},"categories":[2,17],"tags":[5180,338,1663,5179,427],"class_list":["post-38197","post","type-post","status-publish","format-standard","has-post-thumbnail","hentry","category-featured","category-politique","tag-congres-extraordinaire","tag-gbeke","tag-militants","tag-non","tag-pdci-rda"],"_links":{"self":[{"href":"https:\/\/www.lintelligentdabidjan.info\/news\/wp-json\/wp\/v2\/posts\/38197","targetHints":{"allow":["GET"]}}],"collection":[{"href":"https:\/\/www.lintelligentdabidjan.info\/news\/wp-json\/wp\/v2\/posts"}],"about":[{"href":"https:\/\/www.lintelligentdabidjan.info\/news\/wp-json\/wp\/v2\/types\/post"}],"author":[{"embeddable":true,"href":"https:\/\/www.lintelligentdabidjan.info\/news\/wp-json\/wp\/v2\/users\/4"}],"replies":[{"embeddable":true,"href":"https:\/\/www.lintelligentdabidjan.info\/news\/wp-json\/wp\/v2\/comments?post=38197"}],"version-history":[{"count":4,"href":"https:\/\/www.lintelligentdabidjan.info\/news\/wp-json\/wp\/v2\/posts\/38197\/revisions"}],"predecessor-version":[{"id":38226,"href":"https:\/\/www.lintelligentdabidjan.info\/news\/wp-json\/wp\/v2\/posts\/38197\/revisions\/38226"}],"wp:featuredmedia":[{"embeddable":true,"href":"https:\/\/www.lintelligentdabidjan.info\/news\/wp-json\/wp\/v2\/media\/38225"}],"wp:attachment":[{"href":"https:\/\/www.lintelligentdabidjan.info\/news\/wp-json\/wp\/v2\/media?parent=38197"}],"wp:term":[{"taxonomy":"category","embeddable":true,"href":"https:\/\/www.lintelligentdabidjan.info\/news\/wp-json\/wp\/v2\/categories?post=38197"},{"taxonomy":"post_tag","embeddable":true,"href":"https:\/\/www.lintelligentdabidjan.info\/news\/wp-json\/wp\/v2\/tags?post=38197"}],"curies":[{"name":"wp","href":"https:\/\/api.w.org\/{rel}","templated":true}]}}