{"id":38201,"date":"2025-05-14T07:12:46","date_gmt":"2025-05-14T05:12:46","guid":{"rendered":"https:\/\/www.lintelligentdabidjan.info\/news\/?p=38201"},"modified":"2025-05-14T07:21:47","modified_gmt":"2025-05-14T05:21:47","slug":"carte-scolaire-des-etablissements-prives-2025-1933-etablissements-font-lobjet-de-demande","status":"publish","type":"post","link":"https:\/\/www.lintelligentdabidjan.info\/news\/carte-scolaire-des-etablissements-prives-2025-1933-etablissements-font-lobjet-de-demande\/","title":{"rendered":"Carte scolaire des \u00e9tablissements priv\u00e9s 2025-  1933 \u00e9tablissements font  l\u2019objet de demande"},"content":{"rendered":"<p><em><strong>La c\u00e9r\u00e9monie d\u2019ouverture des assises de la Commission Nationale de la Carte Scolaire des \u00c9tablissements Priv\u00e9s (Cncsep) relative \u00e0 l\u2019examen des diff\u00e9rentes demandes d\u2019agr\u00e9ment formul\u00e9es par les promoteurs au titre de la session 2025, s&#8217;est tenue le lundi 12 mai 2025 dans un h\u00f4tel d&#8217;Assinie.<\/strong><\/em><\/p>\n<p>\u00c0 l\u2019ouverture des travaux, Tour\u00e9 n\u00e9e Diarra Mariam, directrice de l&#8217;Encadrement des \u00c9tablissements Priv\u00e9s, a affirm\u00e9 que l\u2019objectif de la Commission Nationale de la Carte Scolaire des \u00c9tablissements Priv\u00e9s (Cncsep), est de donner des agr\u00e9ments aux promoteurs qui demandent la cr\u00e9ation, l&#8217;homologation, l&#8217;ouverture, l&#8217;extension et souvent m\u00eame le changement administratif. \u00ab Pour cette session, nous avons 1933 \u00e9tablissements qui ont fait l\u2019objet d&#8217;une demande et qui seront sujets d\u2019analyse\u00bb, a-t-elle d\u00e9clar\u00e9 tout en confirmant qu\u2019il existe 3008 \u00e9tablissements priv\u00e9s au primaire et environ 3000 au secondaire. Selon elle, les analyses porteront sur la qualit\u00e9 des infrastructures, la qualit\u00e9 de l\u2019enseignement, la s\u00e9curit\u00e9 des enseignants et des \u00e9l\u00e8ves. \u00ab Dans un premier temps, on essaie d&#8217;avoir la qualit\u00e9 avec les infrastructures. Et c&#8217;est en cela qu&#8217;on fait la cr\u00e9ation. Pour permettre la cr\u00e9ation, on a pour objectif d&#8217;avoir des infrastructures qui sont aux normes de ce que demande le minist\u00e8re de l&#8217;\u00c9ducation nationale et de l&#8217;Alphab\u00e9tisation et la qualit\u00e9 dans l&#8217;enseignement. Pendant l&#8217;homologation, nous exigeons \u00e0 ce que dans tous les \u00e9tablissements, il y ait un enseignement de qualit\u00e9. L&#8217;enseignement de qualit\u00e9, c&#8217;est surtout le contenu de ce que nous enseignons. Au-del\u00e0 de tout cela, nous sommes sur la s\u00e9curisation, que ce soit des \u00e9l\u00e8ves, que ce soit des enseignants. Nous nous regardons \u00e0 ce que les enseignants soient bien pay\u00e9s et qu&#8217;ils soient \u00e0 l&#8217;aise pour<\/p>\n<p>donner le meilleur d&#8217;eux-m\u00eames\u00bb, a-t-elle expliqu\u00e9. Repr\u00e9sentant la ministre de l&#8217;\u00c9ducation nationale et de l\u2019Alphab\u00e9tisation, la directrice de cabinet adjoint, Anastasie Sepou Kacou a indiqu\u00e9 qu\u2019il s\u2019agit pour la commission, au cours de cet exercice, de regarder de tr\u00e8s pr\u00e8s la qualit\u00e9 des infrastructures et des \u00e9quipements propos\u00e9s par les promoteurs \u00e0 travers les prises de vue r\u00e9alis\u00e9es pendant les visites de sites, \u00e0 l\u2019effet de s\u2019assurer que les \u00e9tablissements qui vont int\u00e9grer le dispositif existant, offrent un cadre de travail appropri\u00e9 aux \u00e9coliers et \u00e9l\u00e8ves qui vont s\u2019y inscrire. Elle a ajout\u00e9 que cette \u00e9valuation permettra assur\u00e9ment aux fondateurs d\u2019am\u00e9liorer la qualit\u00e9 de leur service au risque de ne voir aucun \u00e9l\u00e8ve s\u2019inscrire chez eux et de mettre, d\u00e8s lors, la cl\u00e9 sous le paillasson. \u00ab Je vous invite \u00e0 faire une analyse objective des diff\u00e9rentes demandes soumises \u00e0 votre appr\u00e9ciation afin que les r\u00e9sultats qui sortiront de vos travaux ne souffrent d\u2019aucune contestation. Les motifs des \u00e9ventuels rejets doivent \u00eatre suffisamment motiv\u00e9s\u00bb, a conclu Anastasie Sepou Kacou.<\/p>\n<p><strong>Olivier Dion avec A. Traor\u00e9<\/strong><\/p>\n","protected":false},"excerpt":{"rendered":"<p>La c\u00e9r\u00e9monie d\u2019ouverture des assises de la Commission Nationale de la Carte Scolaire des \u00c9tablissements Priv\u00e9s (Cncsep) relative \u00e0 l\u2019examen des diff\u00e9rentes demandes d\u2019agr\u00e9ment formul\u00e9es par les promoteurs au titre de la session 2025, s&#8217;est tenue le lundi 12 mai 2025 dans un h\u00f4tel d&#8217;Assinie. \u00c0 l\u2019ouverture des travaux, Tour\u00e9 n\u00e9e Diarra Mariam, directrice de [&hellip;]<\/p>\n","protected":false},"author":4,"featured_media":38212,"comment_status":"closed","ping_status":"closed","sticky":false,"template":"","format":"standard","meta":{"_monsterinsights_skip_tracking":false,"_monsterinsights_sitenote_active":false,"_monsterinsights_sitenote_note":"","_monsterinsights_sitenote_category":0,"footnotes":""},"categories":[2,3],"tags":[5183,875,5184],"class_list":["post-38201","post","type-post","status-publish","format-standard","has-post-thumbnail","hentry","category-featured","category-societe","tag-carte-scolaire","tag-etablissements","tag-etablissements-prives-2025"],"_links":{"self":[{"href":"https:\/\/www.lintelligentdabidjan.info\/news\/wp-json\/wp\/v2\/posts\/38201","targetHints":{"allow":["GET"]}}],"collection":[{"href":"https:\/\/www.lintelligentdabidjan.info\/news\/wp-json\/wp\/v2\/posts"}],"about":[{"href":"https:\/\/www.lintelligentdabidjan.info\/news\/wp-json\/wp\/v2\/types\/post"}],"author":[{"embeddable":true,"href":"https:\/\/www.lintelligentdabidjan.info\/news\/wp-json\/wp\/v2\/users\/4"}],"replies":[{"embeddable":true,"href":"https:\/\/www.lintelligentdabidjan.info\/news\/wp-json\/wp\/v2\/comments?post=38201"}],"version-history":[{"count":2,"href":"https:\/\/www.lintelligentdabidjan.info\/news\/wp-json\/wp\/v2\/posts\/38201\/revisions"}],"predecessor-version":[{"id":38213,"href":"https:\/\/www.lintelligentdabidjan.info\/news\/wp-json\/wp\/v2\/posts\/38201\/revisions\/38213"}],"wp:featuredmedia":[{"embeddable":true,"href":"https:\/\/www.lintelligentdabidjan.info\/news\/wp-json\/wp\/v2\/media\/38212"}],"wp:attachment":[{"href":"https:\/\/www.lintelligentdabidjan.info\/news\/wp-json\/wp\/v2\/media?parent=38201"}],"wp:term":[{"taxonomy":"category","embeddable":true,"href":"https:\/\/www.lintelligentdabidjan.info\/news\/wp-json\/wp\/v2\/categories?post=38201"},{"taxonomy":"post_tag","embeddable":true,"href":"https:\/\/www.lintelligentdabidjan.info\/news\/wp-json\/wp\/v2\/tags?post=38201"}],"curies":[{"name":"wp","href":"https:\/\/api.w.org\/{rel}","templated":true}]}}