{"id":38238,"date":"2025-05-15T06:46:39","date_gmt":"2025-05-15T04:46:39","guid":{"rendered":"https:\/\/www.lintelligentdabidjan.info\/news\/?p=38238"},"modified":"2025-05-15T06:46:39","modified_gmt":"2025-05-15T04:46:39","slug":"reelu-president-du-pdci-rda-hier-tidjane-thiam-affirme-que-la-cote-divoire-nest-rien-sans-le-pdci-rda","status":"publish","type":"post","link":"https:\/\/www.lintelligentdabidjan.info\/news\/reelu-president-du-pdci-rda-hier-tidjane-thiam-affirme-que-la-cote-divoire-nest-rien-sans-le-pdci-rda\/","title":{"rendered":"R\u00e9\u00e9lu pr\u00e9sident du Pdci-Rda hier &#8211;  Tidjane Thiam affirme que la C\u00f4te d\u2019Ivoire n\u2019est rien sans le Pdci-Rda"},"content":{"rendered":"<p><em><strong>Apr\u00e8s sa r\u00e9\u00e9lection \u00e0 la t\u00eate du PDCI avec un score de 99,77 % des voix, Tidjane Thiam a appel\u00e9 les militants du parti \u00e0 intensifier les marches \u00e9clat\u00e9es, estimant que celles-ci rev\u00eatent une grande importance. Il a aussi affirm\u00e9 que la C\u00f4te d\u2019Ivoire n\u2019est rien sans le Pdci Rda. <\/strong><\/em><\/p>\n<p>Cheick Tidjane Thiam est \u00e0 nouveau le pr\u00e9sident du Pdci-Rda. Il a \u00e9t\u00e9 r\u00e9\u00e9lu avec un score de 99,77 % des voix \u00e0 l\u2019issue du Congr\u00e8s \u00e9lectif tenu le mercredi 14 mai 2025. Ce Congr\u00e8s s\u2019est d\u00e9roul\u00e9 dans 45 lieux de vote sur l\u2019ensemble du territoire national. Cette victoire a \u00e9t\u00e9 salu\u00e9e par le concern\u00e9 depuis l\u2019ext\u00e9rieur o\u00f9 il s\u00e9journe en ce moment . \u00ab Je suis fier de ce que le Pdci-Rda vient d\u2019accomplir en 72 heures. Merci au Comit\u00e9 \u00e9lectoral, aux anciens, au pr\u00e9sident int\u00e9rimaire N\u2019Koumo Mobio et \u00e0 tous ceux qui ont collabor\u00e9. Le Pdci-Rda ne partira jamais. Il \u00e9tait l\u00e0 hier, il est l\u00e0 aujourd\u2019hui avec Tidjane Thiam. Demain, ce sera avec quelqu\u2019un d\u2019autre, mais le Pdci-Rda est l\u00e0. La C\u00f4te d\u2019Ivoire n\u2019est rien sans le Pdci-Rda. Donc, ceux qui imaginent un Pdci-Rda lamin\u00e9 et r\u00e9duit, nous allons leur montrer qu\u2019ils se trompent. R\u00e9ussir \u00e0 organiser un Congr\u00e8s \u00e9clat\u00e9 en 72 heures, c\u2019est une d\u00e9monstration faite aux Ivoiriens qu\u2019on peut gouverner la C\u00f4te d\u2019Ivoire et que nous allons le faire avec comp\u00e9tence. Vous me manquez. Je suis vraiment impatient de vous retrouver \u00bb, a d\u00e9clar\u00e9 Tidjane Thiam dans un message en direct sur internet \u00e0 l\u2019attention des militants du Pdci, apr\u00e8s sa r\u00e9\u00e9lection.<\/p>\n<p>Pr\u00e9sident du Pdci-Rda depuis le Congr\u00e8s extraordinaire du 22 d\u00e9cembre 2023 \u00e0 Yamoussoukro, o\u00f9 il avait \u00e9t\u00e9 \u00c9lu initialement le 22 d\u00e9cembre 2023 avec 96,48 % des voix, Tidjane Thiam a d\u00e9missionn\u00e9 du post de pr\u00e9sident du Pdci Rda le dimanche 11 mai 2025, en vue d\u2019att\u00e9nuer les \u00e9ventuels effets d\u2019une d\u00e9cision judiciaire suite \u00e0 la plainte de Val\u00e9rie Yapo. Selon la plaignante, Monsieur Thiam n\u2019\u00e9tait pas Ivoirien au moment de sa candidature. \u00c0 la suite de l\u2019abandon de sa nationalit\u00e9 fran\u00e7aise le 19 mars 2025, Kouam\u00e9 Augustin, le Directeur des Affaires Civiles et P\u00e9nales (DACP) du minist\u00e8re de la Justice, a indiqu\u00e9 qu\u2019il est d\u00e9sormais Ivoirien lors d\u2019une conf\u00e9rence de presse le lundi 28 avril 2025 \u00e0 Abidjan. Fort de cela, le Pdci-Rda a d\u00e9cid\u00e9, lors d\u2019une r\u00e9union du Bureau politique le lundi 12 mai 2025, lendemain de sa d\u00e9mission, de convoquer le Congr\u00e8s extraordinaire du 14 mai 2025, ayant a abouti \u00e0 la r\u00e9\u00e9lection. de Tidjane Thiam,<\/p>\n<p><strong>La feuille de route <\/strong><\/p>\n<p>\u00ab Maintenant que je suis r\u00e9\u00e9lu, la bataille n\u2019est pas finie. Nous \u00e9tions pr\u00e9par\u00e9s \u00e0 une bataille de programmes. Malheureusement, certains ont voulu transformer une campagne \u00e9lectorale, qui devait permettre aux citoyens de s\u2019informer sur les propositions de chacun, en rendez-vous r\u00e9guliers au tribunal. Nous n\u2019avons pas le choix, donc nous nous adaptons en ayant le regard fix\u00e9 sur l\u2019objectif qui est une alternance pacifique en C\u00f4te d\u2019Ivoire. (\u2026) L\u2019Afrique nous regarde. On ne peut pas \u00e9chouer dans ce combat. Nous sommes victimes d\u2019une injustice. Il nous reste une bataille \u00e0 mener pour que nous soyons candidats \u00e0 l\u2019\u00e9lection pr\u00e9sidentielle parce que vous m\u2019avez d\u00e9sign\u00e9 comme le candidat du parti \u00bb, a poursuivi Tidjane Thiam.<\/p>\n<p>Pour lui, l\u2019aboutissement de la lutte pour son inscription sur la liste \u00e9lectorale passe par des marches \u00e9clat\u00e9es. \u00ab Les marches \u00e9clat\u00e9es sont tr\u00e8s importantes et doivent continuer. Il faut que nous montrions \u00e0 tout le monde que toute la nation est mobilis\u00e9e sur ce th\u00e8me. Et que c\u2019est un mouvement qui va bien au-del\u00e0 du Pdci. Plus le message qui vient du terrain est fort, plus il est facile de faire du lobbying et des interventions ici (en Europe, Ndlr) pour que, \u00e0 la fin, la C\u00f4te d\u2019Ivoire ait une \u00e9lection libre, l\u00e9gitime et reconnue par tous \u00bb, a estim\u00e9 Thiam.<\/p>\n<p>Selon les chiffres du Comit\u00e9 \u00e9lectoral central, 5 622 congressistes \u00e9taient inscrits pour prendre part au vote. 5 211 ont effectivement vot\u00e9, soit un taux de participation de 92,69 %. Le suffrage exprim\u00e9 a \u00e9t\u00e9 de 5 202 voix.                                                                                                                                  <\/p>\n<p><strong>Jean-Hubert Koffo<\/strong><\/p>\n","protected":false},"excerpt":{"rendered":"<p>Apr\u00e8s sa r\u00e9\u00e9lection \u00e0 la t\u00eate du PDCI avec un score de 99,77 % des voix, Tidjane Thiam a appel\u00e9 les militants du parti \u00e0 intensifier les marches \u00e9clat\u00e9es, estimant que celles-ci rev\u00eatent une grande importance. Il a aussi affirm\u00e9 que la C\u00f4te d\u2019Ivoire n\u2019est rien sans le Pdci Rda. Cheick Tidjane Thiam est \u00e0 [&hellip;]<\/p>\n","protected":false},"author":4,"featured_media":38239,"comment_status":"closed","ping_status":"closed","sticky":false,"template":"","format":"standard","meta":{"_monsterinsights_skip_tracking":false,"_monsterinsights_sitenote_active":false,"_monsterinsights_sitenote_note":"","_monsterinsights_sitenote_category":0,"footnotes":""},"categories":[2,17],"tags":[77,427,2522],"class_list":["post-38238","post","type-post","status-publish","format-standard","has-post-thumbnail","hentry","category-featured","category-politique","tag-cote-divoire","tag-pdci-rda","tag-tidjane-thiam"],"_links":{"self":[{"href":"https:\/\/www.lintelligentdabidjan.info\/news\/wp-json\/wp\/v2\/posts\/38238","targetHints":{"allow":["GET"]}}],"collection":[{"href":"https:\/\/www.lintelligentdabidjan.info\/news\/wp-json\/wp\/v2\/posts"}],"about":[{"href":"https:\/\/www.lintelligentdabidjan.info\/news\/wp-json\/wp\/v2\/types\/post"}],"author":[{"embeddable":true,"href":"https:\/\/www.lintelligentdabidjan.info\/news\/wp-json\/wp\/v2\/users\/4"}],"replies":[{"embeddable":true,"href":"https:\/\/www.lintelligentdabidjan.info\/news\/wp-json\/wp\/v2\/comments?post=38238"}],"version-history":[{"count":1,"href":"https:\/\/www.lintelligentdabidjan.info\/news\/wp-json\/wp\/v2\/posts\/38238\/revisions"}],"predecessor-version":[{"id":38240,"href":"https:\/\/www.lintelligentdabidjan.info\/news\/wp-json\/wp\/v2\/posts\/38238\/revisions\/38240"}],"wp:featuredmedia":[{"embeddable":true,"href":"https:\/\/www.lintelligentdabidjan.info\/news\/wp-json\/wp\/v2\/media\/38239"}],"wp:attachment":[{"href":"https:\/\/www.lintelligentdabidjan.info\/news\/wp-json\/wp\/v2\/media?parent=38238"}],"wp:term":[{"taxonomy":"category","embeddable":true,"href":"https:\/\/www.lintelligentdabidjan.info\/news\/wp-json\/wp\/v2\/categories?post=38238"},{"taxonomy":"post_tag","embeddable":true,"href":"https:\/\/www.lintelligentdabidjan.info\/news\/wp-json\/wp\/v2\/tags?post=38238"}],"curies":[{"name":"wp","href":"https:\/\/api.w.org\/{rel}","templated":true}]}}