{"id":38252,"date":"2025-05-16T06:51:23","date_gmt":"2025-05-16T04:51:23","guid":{"rendered":"https:\/\/www.lintelligentdabidjan.info\/news\/?p=38252"},"modified":"2025-05-16T06:51:27","modified_gmt":"2025-05-16T04:51:27","slug":"transport-routier-pourquoi-une-greve-le-26-mai-2025","status":"publish","type":"post","link":"https:\/\/www.lintelligentdabidjan.info\/news\/transport-routier-pourquoi-une-greve-le-26-mai-2025\/","title":{"rendered":"Transport routier &#8211;  Pourquoi une gr\u00e8ve le 26 mai 2025"},"content":{"rendered":"<p><em><strong>Le  Collectif des entreprises de transport de personnes envisage un arr\u00eat de travail de trois jours \u00e0 partir du 26 mai 2025.   \u00c0 ce sujet,  l\u2019Association patronale des entreprises de transport terrestre de C\u00f4te d\u2019Ivoire (Apett-CI) a eu des \u00e9changes avec les dirigeants du Haut Conseil du patronat des entreprises de transport de C\u00f4te d\u2019Ivoire (Hcpetr-CI), le mardi 13 mai 2025, \u00e0 son si\u00e8ge dans la commune de Treichville.<\/strong><\/em><\/p>\n<p>L\u2019objectif de cette rencontre : protester contre l\u2019application par le gouvernement du point 3 de l\u2019annexe fiscale 2025, qui stipule que toute entreprise de transport public dont le chiffre d&#8217;affaires d\u00e9passe 200 millions de FCFA est d\u00e9sormais assujettie \u00e0 la TVA de 18 % et doit collecter la TVA per\u00e7ue sur les usagers pour le compte de l\u2019\u00c9tat.<\/p>\n<p>Pour Ibrahima Demb\u00e9l\u00e9, si cette d\u00e9cision est appliqu\u00e9e, cela pourrait impacter le tarif du transport, au grand dam des usagers d\u00e9j\u00e0 \u00e9prouv\u00e9s. Il explique : \u00ab Depuis la p\u00e9riode du Covid-19 en 2020, les entreprises du transport routier ont travers\u00e9 et continuent de traverser des difficult\u00e9s sans pr\u00e9c\u00e9dent, apr\u00e8s plusieurs pertes enregistr\u00e9es. De plus, avec la crise russo-ukrainienne, les co\u00fbts des intrants du secteur ont connu une hausse, ce qui a eu un impact sur le chiffre d&#8217;affaires des soci\u00e9t\u00e9s. Face \u00e0 toutes ces difficult\u00e9s, nous demandons au gouvernement de revoir l\u2019application de cette TVA. \u00bb<\/p>\n<p>Ibrahima Demb\u00e9l\u00e9 a \u00e9galement soulign\u00e9 que les transporteurs ont engag\u00e9 plusieurs n\u00e9gociations avec le minist\u00e8re des Transports pour surseoir \u00e0 cette d\u00e9cision et trouver une solution dans l\u2019int\u00e9r\u00eat des deux parties. Il a par ailleurs remis un pr\u00e9avis d\u2019arr\u00eat de travail au directeur g\u00e9n\u00e9ral si les pourparlers n\u2019aboutissaient pas.<\/p>\n<p>De son c\u00f4t\u00e9, le DG du Hcpetr-CI, Ibrahim Diaby, a rassur\u00e9 ses interlocuteurs : \u00ab Nous allons saisir les autorit\u00e9s comp\u00e9tentes afin qu\u2019une issue favorable soit trouv\u00e9e \u00e0 cette difficult\u00e9. Je salue \u00e9galement votre d\u00e9marche responsable. Nous sommes r\u00e9solus \u00e0 dialoguer et nous trouverons s\u00fbrement une solution sans en arriver \u00e0 un arr\u00eat de travail. \u00bb a-t-il conclu.<\/p>\n<p><strong>Foums\u00e9k\u00e9 Coulibaly<\/strong><\/p>\n","protected":false},"excerpt":{"rendered":"<p>Le Collectif des entreprises de transport de personnes envisage un arr\u00eat de travail de trois jours \u00e0 partir du 26 mai 2025. \u00c0 ce sujet, l\u2019Association patronale des entreprises de transport terrestre de C\u00f4te d\u2019Ivoire (Apett-CI) a eu des \u00e9changes avec les dirigeants du Haut Conseil du patronat des entreprises de transport de C\u00f4te d\u2019Ivoire [&hellip;]<\/p>\n","protected":false},"author":4,"featured_media":38253,"comment_status":"closed","ping_status":"closed","sticky":false,"template":"","format":"standard","meta":{"_monsterinsights_skip_tracking":false,"_monsterinsights_sitenote_active":false,"_monsterinsights_sitenote_note":"","_monsterinsights_sitenote_category":0,"footnotes":""},"categories":[2,3],"tags":[1749,2291],"class_list":["post-38252","post","type-post","status-publish","format-standard","has-post-thumbnail","hentry","category-featured","category-societe","tag-greve","tag-transport-routier"],"_links":{"self":[{"href":"https:\/\/www.lintelligentdabidjan.info\/news\/wp-json\/wp\/v2\/posts\/38252","targetHints":{"allow":["GET"]}}],"collection":[{"href":"https:\/\/www.lintelligentdabidjan.info\/news\/wp-json\/wp\/v2\/posts"}],"about":[{"href":"https:\/\/www.lintelligentdabidjan.info\/news\/wp-json\/wp\/v2\/types\/post"}],"author":[{"embeddable":true,"href":"https:\/\/www.lintelligentdabidjan.info\/news\/wp-json\/wp\/v2\/users\/4"}],"replies":[{"embeddable":true,"href":"https:\/\/www.lintelligentdabidjan.info\/news\/wp-json\/wp\/v2\/comments?post=38252"}],"version-history":[{"count":1,"href":"https:\/\/www.lintelligentdabidjan.info\/news\/wp-json\/wp\/v2\/posts\/38252\/revisions"}],"predecessor-version":[{"id":38254,"href":"https:\/\/www.lintelligentdabidjan.info\/news\/wp-json\/wp\/v2\/posts\/38252\/revisions\/38254"}],"wp:featuredmedia":[{"embeddable":true,"href":"https:\/\/www.lintelligentdabidjan.info\/news\/wp-json\/wp\/v2\/media\/38253"}],"wp:attachment":[{"href":"https:\/\/www.lintelligentdabidjan.info\/news\/wp-json\/wp\/v2\/media?parent=38252"}],"wp:term":[{"taxonomy":"category","embeddable":true,"href":"https:\/\/www.lintelligentdabidjan.info\/news\/wp-json\/wp\/v2\/categories?post=38252"},{"taxonomy":"post_tag","embeddable":true,"href":"https:\/\/www.lintelligentdabidjan.info\/news\/wp-json\/wp\/v2\/tags?post=38252"}],"curies":[{"name":"wp","href":"https:\/\/api.w.org\/{rel}","templated":true}]}}