{"id":38270,"date":"2025-05-16T07:19:33","date_gmt":"2025-05-16T05:19:33","guid":{"rendered":"https:\/\/www.lintelligentdabidjan.info\/news\/?p=38270"},"modified":"2025-05-16T07:25:20","modified_gmt":"2025-05-16T05:25:20","slug":"cote-divoire-laviation-militaire-prend-son-envol","status":"publish","type":"post","link":"https:\/\/www.lintelligentdabidjan.info\/news\/cote-divoire-laviation-militaire-prend-son-envol\/","title":{"rendered":"C\u00f4te d\u2019Ivoire : l\u2019aviation militaire prend son envol"},"content":{"rendered":"<p><em><strong>Par la mont\u00e9e en puissance et en comp\u00e9tences de son arm\u00e9e de l\u2019air, la C\u00f4te d\u2019Ivoire pr\u00e9tendra bient\u00f4t au titre de leader du ciel en Afrique de l\u2019Ouest. Point sur la situation.<\/strong><\/em><\/p>\n<p>De la d\u00e9fense \u00e0 la dissuasion, en 2025 Abidjan muscle ses ailes. Selon le dernier classement de Global Firepower (GFP), la C\u00f4te d\u2019Ivoire est aujourd\u2019hui la deuxi\u00e8me puissance militaire en Afrique de l\u2019Ouest. Depuis quelques ann\u00e9es, c\u2019est donc tout logiquement au tour de son aviation de d\u00e9fense de se moderniser. L\u2019ann\u00e9e pass\u00e9e, le minist\u00e8re de la D\u00e9fense y alloue environ 100 millions de dollars. \u00c0 ce jour, parmi les nouvelles acquisitions du pays, il serait d\u00e9sormais possible de mentionner des h\u00e9licopt\u00e8res de transport, des \u00e9quipements de surveillance et des drones d\u2019observation, dont le mod\u00e8le DelairTD26. Dans la continuit\u00e9 de sa d\u00e9marche, Abidjan envisagerait aujourd\u2019hui de s\u2019\u00e9quiper de Mirages 2000, avions de chasse multi-r\u00f4les.<\/p>\n<p>Aux nombreuses formations accompagnant ces acquisitions de choix, le pays associe un recrutement massif, dans le cadre de cette mont\u00e9e en puissance. Depuis 2023, environ 2 000 nouveaux postes de soldats de l\u2019air ont \u00e9t\u00e9 ouverts, soit une augmentation remarquable de l\u2019effectif consacr\u00e9, de plus de 40 %.<\/p>\n<p>Le pays esp\u00e8re ainsi mettre en place une arm\u00e9e de l\u2019air d\u2019\u00e9lite pour s\u00e9curiser la sous-r\u00e9gion. Pour rappel, la situation s\u00e9curitaire en Afrique de l\u2019Ouest demeure pr\u00e9occupante. Malgr\u00e9 une r\u00e9organisation des alliances militaires sur place, les violences persistent, en particulier dans les zones frontali\u00e8res. Les pays du Sahel central restent parmi les dix nations les plus touch\u00e9es par le terrorisme, selon l&#8217;Indice mondial du terrorisme de 2024. En pr\u00e9ventif, l\u2019ann\u00e9e pass\u00e9e le minist\u00e8re de la D\u00e9fense ivoirien insistait d\u2019ailleurs sur \u00ab la n\u00e9cessit\u00e9 de renforcer la surveillance a\u00e9rienne \u00bb et de \u00ab pr\u00e9parer une r\u00e9ponse rapide face \u00e0 toute tentative d\u2019intrusion \u00bb.<\/p>\n<p>Quelle m\u00e9thode pour une arm\u00e9e de l\u2019air souveraine ?<br \/>\nPas de mont\u00e9e en puissance souveraine sans mont\u00e9e en comp\u00e9tences des Forces Arm\u00e9es de C\u00f4te d\u2019Ivoire (FACI). Modernisation d\u2019\u00e9quipements, renforcement d\u2019infrastructures militaires, mais aussi formations et forte professionnalisation du personnel\u2026 Pour tirer parti des nombreuses r\u00e9formes et investissements dans le secteur, l\u2019approche \u00e9volutive de la formation s\u2019av\u00e8re indispensable. Du moins, c\u2019est le pari de la C\u00f4te d\u2019Ivoire, afin de constituer l\u2019\u00e9lite du ciel ouest-africain, horizon 2030.<\/p>\n<p>Pour ce d\u00e9veloppement de savoir-faire locaux, elle se base notamment sur des collaborations internationales fructueuses. Tout r\u00e9cemment, Abidjan s\u2019est ainsi distingu\u00e9 lors de l\u2019\u00e9dition 2025 d\u2019un exercice historique avec la France, par ses capacit\u00e9s \u00e0 coordonner des missions, \u00e0 d\u00e9ployer des technologies de renseignement moderne, comme \u00e0 improviser sur place.<\/p>\n<p>Les difficult\u00e9s rencontr\u00e9es par d\u2019autres pays de la r\u00e9gion illustrent l\u2019importance de ce sujet, malgr\u00e9 un investissement cons\u00e9quent dans leurs aviations militaires respectives. Le Mali fait, lui, face \u00e0 des d\u00e9fis dans la formation de ses pilotes, malgr\u00e9 l\u2019acquisition r\u00e9cente d\u2019avions d\u2019attaque l\u00e9ger, d\u2019h\u00e9licopt\u00e8res et de drones. De la m\u00eame fa\u00e7on, le Burkina Faso d\u00e9pend encore largement de techniciens \u00e9trangers. En ce sens, par ses m\u00e9thodes et partenaires choisis la C\u00f4te d\u2019Ivoire se pr\u00e9serve intelligemment du manque d\u2019autonomie op\u00e9rationnel constat\u00e9 chez ses voisins.<\/p>\n<p><strong>Constantine<\/strong><\/p>\n","protected":false},"excerpt":{"rendered":"<p>Par la mont\u00e9e en puissance et en comp\u00e9tences de son arm\u00e9e de l\u2019air, la C\u00f4te d\u2019Ivoire pr\u00e9tendra bient\u00f4t au titre de leader du ciel en Afrique de l\u2019Ouest. Point sur la situation. De la d\u00e9fense \u00e0 la dissuasion, en 2025 Abidjan muscle ses ailes. Selon le dernier classement de Global Firepower (GFP), la C\u00f4te d\u2019Ivoire [&hellip;]<\/p>\n","protected":false},"author":4,"featured_media":38271,"comment_status":"closed","ping_status":"closed","sticky":false,"template":"","format":"standard","meta":{"_monsterinsights_skip_tracking":false,"_monsterinsights_sitenote_active":false,"_monsterinsights_sitenote_note":"","_monsterinsights_sitenote_category":0,"footnotes":""},"categories":[2,17],"tags":[77,5209,5208],"class_list":["post-38270","post","type-post","status-publish","format-standard","has-post-thumbnail","hentry","category-featured","category-politique","tag-cote-divoire","tag-envol","tag-laviation-militaire"],"_links":{"self":[{"href":"https:\/\/www.lintelligentdabidjan.info\/news\/wp-json\/wp\/v2\/posts\/38270","targetHints":{"allow":["GET"]}}],"collection":[{"href":"https:\/\/www.lintelligentdabidjan.info\/news\/wp-json\/wp\/v2\/posts"}],"about":[{"href":"https:\/\/www.lintelligentdabidjan.info\/news\/wp-json\/wp\/v2\/types\/post"}],"author":[{"embeddable":true,"href":"https:\/\/www.lintelligentdabidjan.info\/news\/wp-json\/wp\/v2\/users\/4"}],"replies":[{"embeddable":true,"href":"https:\/\/www.lintelligentdabidjan.info\/news\/wp-json\/wp\/v2\/comments?post=38270"}],"version-history":[{"count":1,"href":"https:\/\/www.lintelligentdabidjan.info\/news\/wp-json\/wp\/v2\/posts\/38270\/revisions"}],"predecessor-version":[{"id":38272,"href":"https:\/\/www.lintelligentdabidjan.info\/news\/wp-json\/wp\/v2\/posts\/38270\/revisions\/38272"}],"wp:featuredmedia":[{"embeddable":true,"href":"https:\/\/www.lintelligentdabidjan.info\/news\/wp-json\/wp\/v2\/media\/38271"}],"wp:attachment":[{"href":"https:\/\/www.lintelligentdabidjan.info\/news\/wp-json\/wp\/v2\/media?parent=38270"}],"wp:term":[{"taxonomy":"category","embeddable":true,"href":"https:\/\/www.lintelligentdabidjan.info\/news\/wp-json\/wp\/v2\/categories?post=38270"},{"taxonomy":"post_tag","embeddable":true,"href":"https:\/\/www.lintelligentdabidjan.info\/news\/wp-json\/wp\/v2\/tags?post=38270"}],"curies":[{"name":"wp","href":"https:\/\/api.w.org\/{rel}","templated":true}]}}