{"id":38312,"date":"2025-05-19T07:43:29","date_gmt":"2025-05-19T05:43:29","guid":{"rendered":"https:\/\/www.lintelligentdabidjan.info\/news\/?p=38312"},"modified":"2025-05-19T07:43:33","modified_gmt":"2025-05-19T05:43:33","slug":"33-ans-dexistence-de-lagefop-karitia-coulibaly-de-medeiros-la-dg-nous-repositionner-comme-lacteur-de-reference-dans-la-formation-professionnelle","status":"publish","type":"post","link":"https:\/\/www.lintelligentdabidjan.info\/news\/33-ans-dexistence-de-lagefop-karitia-coulibaly-de-medeiros-la-dg-nous-repositionner-comme-lacteur-de-reference-dans-la-formation-professionnelle\/","title":{"rendered":"33 ans d\u2019existence de l\u2019AGEFOP, Karitia Coulibaly De Medeiros, la DG : \u00ab Nous repositionner comme l&#8217;acteur de r\u00e9f\u00e9rence dans la formation professionnelle\u00bb"},"content":{"rendered":"<p><em><strong>\u00c0 l\u2019occasion de la c\u00e9l\u00e9bration des 33 ans d\u2019existence de l\u2019AGEFOP, la Directrice g\u00e9n\u00e9rale de l\u2019\u00e9tablissement a laiss\u00e9 entendre que son \u00e9quipe et elle ont l&#8217;ambition de repositionner  la structure \u00abcomme l&#8217;acteur de r\u00e9f\u00e9rence dans la formation professionnelle\u00bb.<\/strong><\/em><\/p>\n<p> \u00ab Nous souhaitons repositionner l&#8217;AGEFOP comme l&#8217;acteur de r\u00e9f\u00e9rence dans le domaine de la formation professionnelle. Nous voulons vraiment contribuer \u00e0 mettre l&#8217;offre de formation en ad\u00e9quation avec les besoins de l&#8217;\u00e9conomie nationale\u00bb, c&#8217;est, en substance, en ces termes que Karitia Coulibaly De Medeiros, Directrice g\u00e9n\u00e9rale de l&#8217;Agence nationale de formation professionnelle (AGEFOP) depuis octobre 2023, a r\u00e9sum\u00e9 sa vision pour cet \u00e9tablissement public \u00e0 caract\u00e8re industriel et commercial. Elle l\u2019a dit le jeudi 15 mai 2025, \u00e0 Abidjan Plateau, au lancement des c\u00e9l\u00e9brations du 33e anniversaire d\u2019existence de la structure. \u00ab Notre vision est de porter l&#8217;AGEFOP au rang de structure d\u2019excellence, au niveau national et international. Plusieurs pays africains nous ont fait savoir qu&#8217;ils sont int\u00e9ress\u00e9s par le mod\u00e8le  de l&#8217;AGEFOP. Nous avons pour ambition d&#8217;\u00eatre le leader de la sous-r\u00e9gion \u00bb, a ajout\u00e9 celle qui est la 5e Directrice g\u00e9n\u00e9rale de l\u2019histoire l\u2019AGEFOP.<\/p>\n<p>L\u2019\u00e9tablissement existe depuis 1992. Elle est charg\u00e9e, entre autres, d&#8217;effectuer la prospection et l\u2019analyse des besoins de formations professionnelles, r\u00e9aliser des \u00e9tudes en relation avec les branches professionnelles, \u00e9laborer les projets de formation professionnelle selon les besoins exprim\u00e9s ou identifi\u00e9s par l\u2019\u00c9tat ou des entreprises partenaires, initier les activit\u00e9s de recherche et de d\u00e9veloppement en mati\u00e8re formation professionnelle, g\u00e9rer et coordonner les projets de formation professionnelle dont elle a la charge, ou encore, mobiliser des financements pour des projets de formation professionnelle. \u00c0 l\u2019ouverture de  cette c\u00e9l\u00e9bration anniversaire, la DG a tenu \u00e0 faire le bilan de la gestion de la structure, depuis sa cr\u00e9ation. Elle a ainsi salu\u00e9 les actions de ses pr\u00e9d\u00e9cesseurs qui, selon ses mots, ont travaill\u00e9 \u00e0 b\u00e2tir un \u00e9tablissement capable aujourd\u2019hui de fournir aux entreprises en C\u00f4te d\u2019Ivoire, une main d&#8217;\u0153uvre bien form\u00e9e.  Le seul handicap, selon elle, est que l&#8217;AGEFOP reste m\u00e9connu du grand public. Toute chose qui, pour elle, l\u2019emp\u00eache de jouer pleinement le r\u00f4le qui est le sien.  La Directrice g\u00e9n\u00e9rale estime donc que l\u2019atteinte de ses objectifs passe par une grosse politique de promotion de l\u2019AGEFOP. \u00ab Notre programme d&#8217;action est bas\u00e9 sur trois axes strat\u00e9giques dont l&#8217;am\u00e9lioration de la notori\u00e9t\u00e9 de l&#8217;AGEFOP. C&#8217;est vraiment dommage qu&#8217;avec de telles missions, notre structure ne soit pas connue. Nous avons donc mis en place un plan de communication. Nous avons renforc\u00e9 notre pr\u00e9sence sur les r\u00e9seaux sociaux et participons \u00e0 beaucoup plus d&#8217;\u00e9v\u00e9nements. Nous organisons des r\u00e9unions B-to-B avec des acteurs cl\u00e9s et participons \u00e0 des panels. Nous faisons tout notre possible pour nous faire conna\u00eetre et montrer que nous sommes une structure publique au service de tous \u00bb, a-t-elle d\u00e9clar\u00e9. Karitia Coulibaly De Medeiros veut aussi une pr\u00e9sence plus forte de l\u2019AGEFOP sur le territoire national. Selon elle, la structure n&#8217;est pr\u00e9sente \u00e0 ce jour que dans 15 villes de l\u2019int\u00e9rieur du pays. Elle a annonc\u00e9 la cr\u00e9ation d\u2019ici peu de sept antennes suppl\u00e9mentaires. Selon elle, les bureaux de l\u2019AGEFOP \u00e0 l&#8217;int\u00e9rieur du pays \u00e9taient h\u00e9berg\u00e9s dans des \u00e9tablissements d&#8217;enseignement professionnel. Une strat\u00e9gie qui ne donnait pas de visibilit\u00e9 \u00e0 la structure dans ces villes. Elle a annonc\u00e9 la fin de cette politique : \u00ab Nous allons quitter ces \u00e9coles et prendre des bureaux propres \u00e0 nous. Des bureaux  seront situ\u00e9s \u00e0 des endroits visibles et bien fr\u00e9quent\u00e9s. (&#8230;) Nous avons besoin d&#8217;\u00eatre beaucoup plus connus, pour obtenir plus de contrats et de programmes de formation \u00bb, a-t-elle ajout\u00e9.<\/p>\n<p><strong>Jean-Hubert Koffo<\/strong><\/p>\n","protected":false},"excerpt":{"rendered":"<p>\u00c0 l\u2019occasion de la c\u00e9l\u00e9bration des 33 ans d\u2019existence de l\u2019AGEFOP, la Directrice g\u00e9n\u00e9rale de l\u2019\u00e9tablissement a laiss\u00e9 entendre que son \u00e9quipe et elle ont l&#8217;ambition de repositionner la structure \u00abcomme l&#8217;acteur de r\u00e9f\u00e9rence dans la formation professionnelle\u00bb. \u00ab Nous souhaitons repositionner l&#8217;AGEFOP comme l&#8217;acteur de r\u00e9f\u00e9rence dans le domaine de la formation professionnelle. Nous [&hellip;]<\/p>\n","protected":false},"author":4,"featured_media":38313,"comment_status":"closed","ping_status":"closed","sticky":false,"template":"","format":"standard","meta":{"_monsterinsights_skip_tracking":false,"_monsterinsights_sitenote_active":false,"_monsterinsights_sitenote_note":"","_monsterinsights_sitenote_category":0,"footnotes":""},"categories":[2,3],"tags":[4678,2515,3161,5234],"class_list":["post-38312","post","type-post","status-publish","format-standard","has-post-thumbnail","hentry","category-featured","category-societe","tag-acteur","tag-agefop","tag-formation-professionnelle","tag-karitia-coulibaly-de-medeiros"],"_links":{"self":[{"href":"https:\/\/www.lintelligentdabidjan.info\/news\/wp-json\/wp\/v2\/posts\/38312","targetHints":{"allow":["GET"]}}],"collection":[{"href":"https:\/\/www.lintelligentdabidjan.info\/news\/wp-json\/wp\/v2\/posts"}],"about":[{"href":"https:\/\/www.lintelligentdabidjan.info\/news\/wp-json\/wp\/v2\/types\/post"}],"author":[{"embeddable":true,"href":"https:\/\/www.lintelligentdabidjan.info\/news\/wp-json\/wp\/v2\/users\/4"}],"replies":[{"embeddable":true,"href":"https:\/\/www.lintelligentdabidjan.info\/news\/wp-json\/wp\/v2\/comments?post=38312"}],"version-history":[{"count":1,"href":"https:\/\/www.lintelligentdabidjan.info\/news\/wp-json\/wp\/v2\/posts\/38312\/revisions"}],"predecessor-version":[{"id":38314,"href":"https:\/\/www.lintelligentdabidjan.info\/news\/wp-json\/wp\/v2\/posts\/38312\/revisions\/38314"}],"wp:featuredmedia":[{"embeddable":true,"href":"https:\/\/www.lintelligentdabidjan.info\/news\/wp-json\/wp\/v2\/media\/38313"}],"wp:attachment":[{"href":"https:\/\/www.lintelligentdabidjan.info\/news\/wp-json\/wp\/v2\/media?parent=38312"}],"wp:term":[{"taxonomy":"category","embeddable":true,"href":"https:\/\/www.lintelligentdabidjan.info\/news\/wp-json\/wp\/v2\/categories?post=38312"},{"taxonomy":"post_tag","embeddable":true,"href":"https:\/\/www.lintelligentdabidjan.info\/news\/wp-json\/wp\/v2\/tags?post=38312"}],"curies":[{"name":"wp","href":"https:\/\/api.w.org\/{rel}","templated":true}]}}