{"id":38339,"date":"2025-05-20T07:15:38","date_gmt":"2025-05-20T05:15:38","guid":{"rendered":"https:\/\/www.lintelligentdabidjan.info\/news\/?p=38339"},"modified":"2025-05-20T07:15:42","modified_gmt":"2025-05-20T05:15:42","slug":"sara-2025-la-securite-alimentaire-au-coeur-des-priorites-de-lanader","status":"publish","type":"post","link":"https:\/\/www.lintelligentdabidjan.info\/news\/sara-2025-la-securite-alimentaire-au-coeur-des-priorites-de-lanader\/","title":{"rendered":"Sara 2025-  La s\u00e9curit\u00e9 alimentaire au c\u0153ur des priorit\u00e9s de l\u2019Anader"},"content":{"rendered":"<p><em><strong>Dans un communiqu\u00e9 dont nous avons re\u00e7u copie, le lundi 19 mai 2025, l\u2019Agence Nationale d\u2019Appui au D\u00e9veloppement Rural (Anader) a r\u00e9affirm\u00e9 sa participation \u00e0 la 7\u00e8 \u00e9dition du Salon International de l\u2019Agriculture et des Ressources Animales (Sara 2025), qui se tiendra du 23 mai au 1er juin 2025 au Parc des Expositions d\u2019Abidjan-Port-Bou\u00ebt.<\/strong><\/em><\/p>\n<p>Sous le slogan \u00ab La s\u00e9curit\u00e9 alimentaire et nutritionnelle en C\u00f4te d\u2019Ivoire, une priorit\u00e9 pour l\u2019Anader\u00bb, l\u2019agence mettra en avant ses initiatives et innovations dans le secteur agricole. Selon la note d\u2019information, la participation de l\u2019Anader au Sara 2025 vise \u00e0 rendre visible son action dans les fili\u00e8res de production v\u00e9g\u00e9tale et animale. Ainsi, pendant ces dix jours, l&#8217;agence pr\u00e9sentera des technologies de pointe et exposera les principales sp\u00e9culations animales qu&#8217;elle encadre dans le cadre de ses programmes.<\/p>\n<p><strong>Des activit\u00e9s riches et diversifi\u00e9es<\/strong><\/p>\n<p>Le programme de l\u2019Anader au Sara 2025 inclut plusieurs temps forts \u00e0 savoir des masters class. Pour cette activit\u00e9, deux sessions sont pr\u00e9vues les 26 et 29 mai 2025. Elles aborderont des th\u00e8mes comme le financement des projets de productions v\u00e9g\u00e9tales et animales. La Journ\u00e9e-M\u00e9tiers pr\u00e9vue le 27 mai sera d\u00e9di\u00e9e \u00e0 la pr\u00e9sentation des professions agricoles et des opportunit\u00e9s de carri\u00e8re au sein de l\u2019Anader. La journ\u00e9e des enfants de l\u2019Anader fix\u00e9e le 28 mai,  sera une vitrine pour des enfants de salari\u00e9s  qui d\u00e9couvriront l\u2019institution et les m\u00e9tiers de leurs parents. Et enfin la derni\u00e8re journ\u00e9e du 29 mai est consacr\u00e9e aux visites des producteurs. L\u2019agence organisera une visite pour rencontrer les producteurs, acteurs essentiels de son programme de conseil agricole.<\/p>\n<p>Pendant ces 10 jours, l\u2019Anader aura une visibilit\u00e9 marqu\u00e9e au Sara 2025 avec trois grands espaces notamment un stand institutionnel et deux stands d\u00e9di\u00e9s aux productions v\u00e9g\u00e9tale et animale. Ces espaces permettront d&#8217;interagir avec le public et de partager les avanc\u00e9es r\u00e9alis\u00e9es dans le secteur.<\/p>\n<p><strong>Mamadou Ouattara avec Sor\u00e9 Ma\u00efmounata<\/strong><\/p>\n","protected":false},"excerpt":{"rendered":"<p>Dans un communiqu\u00e9 dont nous avons re\u00e7u copie, le lundi 19 mai 2025, l\u2019Agence Nationale d\u2019Appui au D\u00e9veloppement Rural (Anader) a r\u00e9affirm\u00e9 sa participation \u00e0 la 7\u00e8 \u00e9dition du Salon International de l\u2019Agriculture et des Ressources Animales (Sara 2025), qui se tiendra du 23 mai au 1er juin 2025 au Parc des Expositions d\u2019Abidjan-Port-Bou\u00ebt. Sous [&hellip;]<\/p>\n","protected":false},"author":4,"featured_media":38340,"comment_status":"closed","ping_status":"closed","sticky":false,"template":"","format":"standard","meta":{"_monsterinsights_skip_tracking":false,"_monsterinsights_sitenote_active":false,"_monsterinsights_sitenote_note":"","_monsterinsights_sitenote_category":0,"footnotes":""},"categories":[2,18,3],"tags":[],"class_list":["post-38339","post","type-post","status-publish","format-standard","has-post-thumbnail","hentry","category-featured","category-economie","category-societe"],"_links":{"self":[{"href":"https:\/\/www.lintelligentdabidjan.info\/news\/wp-json\/wp\/v2\/posts\/38339","targetHints":{"allow":["GET"]}}],"collection":[{"href":"https:\/\/www.lintelligentdabidjan.info\/news\/wp-json\/wp\/v2\/posts"}],"about":[{"href":"https:\/\/www.lintelligentdabidjan.info\/news\/wp-json\/wp\/v2\/types\/post"}],"author":[{"embeddable":true,"href":"https:\/\/www.lintelligentdabidjan.info\/news\/wp-json\/wp\/v2\/users\/4"}],"replies":[{"embeddable":true,"href":"https:\/\/www.lintelligentdabidjan.info\/news\/wp-json\/wp\/v2\/comments?post=38339"}],"version-history":[{"count":1,"href":"https:\/\/www.lintelligentdabidjan.info\/news\/wp-json\/wp\/v2\/posts\/38339\/revisions"}],"predecessor-version":[{"id":38341,"href":"https:\/\/www.lintelligentdabidjan.info\/news\/wp-json\/wp\/v2\/posts\/38339\/revisions\/38341"}],"wp:featuredmedia":[{"embeddable":true,"href":"https:\/\/www.lintelligentdabidjan.info\/news\/wp-json\/wp\/v2\/media\/38340"}],"wp:attachment":[{"href":"https:\/\/www.lintelligentdabidjan.info\/news\/wp-json\/wp\/v2\/media?parent=38339"}],"wp:term":[{"taxonomy":"category","embeddable":true,"href":"https:\/\/www.lintelligentdabidjan.info\/news\/wp-json\/wp\/v2\/categories?post=38339"},{"taxonomy":"post_tag","embeddable":true,"href":"https:\/\/www.lintelligentdabidjan.info\/news\/wp-json\/wp\/v2\/tags?post=38339"}],"curies":[{"name":"wp","href":"https:\/\/api.w.org\/{rel}","templated":true}]}}