{"id":38345,"date":"2025-05-20T07:24:03","date_gmt":"2025-05-20T05:24:03","guid":{"rendered":"https:\/\/www.lintelligentdabidjan.info\/news\/?p=38345"},"modified":"2025-05-20T07:24:11","modified_gmt":"2025-05-20T05:24:11","slug":"lintelligent-en-pdf-exclusif-declare-ineligible-en-2011-par-le-conseil-constitutionnel-soualiho-richard-tiote-jai-ete-victime-de-larticle-48-mais-je-ne-suis-pas-d","status":"publish","type":"post","link":"https:\/\/www.lintelligentdabidjan.info\/news\/lintelligent-en-pdf-exclusif-declare-ineligible-en-2011-par-le-conseil-constitutionnel-soualiho-richard-tiote-jai-ete-victime-de-larticle-48-mais-je-ne-suis-pas-d\/","title":{"rendered":"L&#8217;Intelligent en PDF:     Exclusif &#8211; D\u00e9clar\u00e9 in\u00e9ligible en 2011 par le Conseil constitutionnel &#8211; Soualiho Richard Tiot\u00e9 : \u00ab J\u2019ai \u00e9t\u00e9 victime de l\u2019article 48 mais je ne suis pas d\u2019accord avec Thiam \u00bb"},"content":{"rendered":"<p><strong>Tiot\u00e9 Soualio, Franco-Ivoirien et ex-candidat malheureux aux l\u00e9gislatives de 2011 dans le B\u00e9r\u00e9, brise le silence. Victime de l\u2019article 48 du Code de la nationalit\u00e9, il raconte pour la premi\u00e8re fois son \u00e9viction et son combat inachev\u00e9. Dans cet entretien exclusif , il revient sur les faits, \u00e9voque son attachement au RHDP, se prononce sur l\u2019affaire Thiam, et plaide pour une r\u00e9forme de la loi.<\/strong><\/p>\n<p>Interview \u00e0 d\u00e9couvrir dans vos kiosques et en ligne sur&#8230;<\/p>\n<p><a href=\"https:\/\/news.abidjan.net\/titrologie\/39-lintelligent-dabidjan\/articles\" target=\"_blank\">https:\/\/news.abidjan.net\/titrologie\/39-lintelligent-dabidjan\/articles<\/a><\/p>\n<p>\u00c0 lire aussi ce que Samba David et Kokora Bernard ont dit de Thiam sur l&#8217;Intelligent TV, Bruno Kon\u00e9 engage la transformation du quartier Yobou Lambert (Biafra) \u00e0 Treichville, Tirs, contestations et silence d\u2019\u00c9tat au niveau de la MATCA, Sidi Ti\u00e9moko Tour\u00e9 en mission au Tchad pour le B\u00e9tail pour la Tabaski, L\u2019appel de Mariatou Kon\u00e9 aux candidats aux \u00e9preuves \u00e9crites du Cepe hier, Un marocain et une fran\u00e7aise chez le pr\u00e9sident de l&#8217;Assembl\u00e9e nationale Adama Bictogo, Ce que Beugr\u00e9 Mamb\u00e9 attend des jeunes au niveau de l&#8217;Intelligence artificielle.<\/p>\n<p>Cliquez pour les d\u00e9tails<\/p>\n<p><a href=\"https:\/\/www.afrikipresse.fr\/abonnement\" target=\"_blank\">https:\/\/www.afrikipresse.fr\/abonnement<\/a><\/p>\n<p>\u00c0 voir \u00e9galement des maisons pour 300 femmes de la Diaspora \u00e0 Bingerville gr\u00e2ce \u00e0 la BNI.<\/p>\n<p><a href=\"https:\/\/www.pressecotedivoire.fr\/titrologie\" target=\"_blank\">https:\/\/www.pressecotedivoire.fr\/titrologie<\/a><\/p>\n","protected":false},"excerpt":{"rendered":"<p>Tiot\u00e9 Soualio, Franco-Ivoirien et ex-candidat malheureux aux l\u00e9gislatives de 2011 dans le B\u00e9r\u00e9, brise le silence. Victime de l\u2019article 48 du Code de la nationalit\u00e9, il raconte pour la premi\u00e8re fois son \u00e9viction et son combat inachev\u00e9. Dans cet entretien exclusif , il revient sur les faits, \u00e9voque son attachement au RHDP, se prononce sur [&hellip;]<\/p>\n","protected":false},"author":4,"featured_media":38347,"comment_status":"closed","ping_status":"closed","sticky":false,"template":"","format":"standard","meta":{"_monsterinsights_skip_tracking":false,"_monsterinsights_sitenote_active":false,"_monsterinsights_sitenote_note":"","_monsterinsights_sitenote_category":0,"footnotes":""},"categories":[2,3],"tags":[],"class_list":["post-38345","post","type-post","status-publish","format-standard","has-post-thumbnail","hentry","category-featured","category-societe"],"_links":{"self":[{"href":"https:\/\/www.lintelligentdabidjan.info\/news\/wp-json\/wp\/v2\/posts\/38345","targetHints":{"allow":["GET"]}}],"collection":[{"href":"https:\/\/www.lintelligentdabidjan.info\/news\/wp-json\/wp\/v2\/posts"}],"about":[{"href":"https:\/\/www.lintelligentdabidjan.info\/news\/wp-json\/wp\/v2\/types\/post"}],"author":[{"embeddable":true,"href":"https:\/\/www.lintelligentdabidjan.info\/news\/wp-json\/wp\/v2\/users\/4"}],"replies":[{"embeddable":true,"href":"https:\/\/www.lintelligentdabidjan.info\/news\/wp-json\/wp\/v2\/comments?post=38345"}],"version-history":[{"count":1,"href":"https:\/\/www.lintelligentdabidjan.info\/news\/wp-json\/wp\/v2\/posts\/38345\/revisions"}],"predecessor-version":[{"id":38348,"href":"https:\/\/www.lintelligentdabidjan.info\/news\/wp-json\/wp\/v2\/posts\/38345\/revisions\/38348"}],"wp:featuredmedia":[{"embeddable":true,"href":"https:\/\/www.lintelligentdabidjan.info\/news\/wp-json\/wp\/v2\/media\/38347"}],"wp:attachment":[{"href":"https:\/\/www.lintelligentdabidjan.info\/news\/wp-json\/wp\/v2\/media?parent=38345"}],"wp:term":[{"taxonomy":"category","embeddable":true,"href":"https:\/\/www.lintelligentdabidjan.info\/news\/wp-json\/wp\/v2\/categories?post=38345"},{"taxonomy":"post_tag","embeddable":true,"href":"https:\/\/www.lintelligentdabidjan.info\/news\/wp-json\/wp\/v2\/tags?post=38345"}],"curies":[{"name":"wp","href":"https:\/\/api.w.org\/{rel}","templated":true}]}}