{"id":38373,"date":"2025-05-23T06:41:56","date_gmt":"2025-05-23T04:41:56","guid":{"rendered":"https:\/\/www.lintelligentdabidjan.info\/news\/?p=38373"},"modified":"2025-05-23T06:42:20","modified_gmt":"2025-05-23T04:42:20","slug":"lutte-contre-le-terrorisme-linstitut-de-recherche-strategique-presente-les-resultats-de-ses-travaux","status":"publish","type":"post","link":"https:\/\/www.lintelligentdabidjan.info\/news\/lutte-contre-le-terrorisme-linstitut-de-recherche-strategique-presente-les-resultats-de-ses-travaux\/","title":{"rendered":"Lutte contre le terrorisme- L\u2019Institut de Recherche Strat\u00e9gique pr\u00e9sente les r\u00e9sultats de ses travaux"},"content":{"rendered":"<p><strong>L\u2019Acad\u00e9mie Internationale de Lutte Contre le Terrorisme (AILCT), en collaboration avec ses partenaires, a pr\u00e9sent\u00e9 les r\u00e9sultats de plusieurs recherches \u00e0 travers son Institut de Recherche Strat\u00e9gique (IRS), lors d\u2019une conf\u00e9rence de restitution tenue dans un h\u00f4tel \u00e0 Cocody, Abidjan.<\/strong><\/p>\n<p>Au cours de la c\u00e9r\u00e9monie, Joseph Kouam\u00e9 Allah, directeur g\u00e9n\u00e9ral de l\u2019Acad\u00e9mie, a exprim\u00e9 toute sa satisfaction. Il a rappel\u00e9 que l\u2019Acad\u00e9mie avait \u00e9t\u00e9 con\u00e7ue pour appr\u00e9hender la menace terroriste sous toutes ses formes, en s&#8217;appuyant sur trois piliers compl\u00e9mentaires \u00e0 savoir la formation des cadres, l\u2019engagement op\u00e9rationnel et la r\u00e9flexion strat\u00e9gique.<\/p>\n<p>L\u2019\u00e9v\u00e9nement, selon lui, visait \u00e0 restituer trois \u00e9tudes men\u00e9es par l\u2019IRS. Il a insist\u00e9 sur l\u2019\u00e9volution pr\u00e9occupante du terrorisme, qui s\u2019adapte continuellement aux ressources humaines, financi\u00e8res et aux techniques de combat. Une des \u00e9tudes s\u2019int\u00e9resse \u00e0 la participation des femmes dans les organisations terroristes, mettant en \u00e9vidence la diversit\u00e9 de leurs motivations et le d\u00e9veloppement de leur expertise au sein de ces groupes. Une autre porte sur la situation s\u00e9curitaire du nord de la C\u00f4te d\u2019Ivoire, en lien avec la criminalit\u00e9 et l\u2019extr\u00e9misme. Bien que la menace y soit globalement ma\u00eetris\u00e9e, certains d\u00e9fis subsistent.<\/p>\n<p>Joseph Kouam\u00e9 Allah a soulign\u00e9 la n\u00e9cessit\u00e9 de fonder les d\u00e9cisions politiques sur des donn\u00e9es r\u00e9elles et document\u00e9es. Il a salu\u00e9 la mont\u00e9e en puissance de l\u2019IRS, en tant que r\u00e9ponse strat\u00e9gique face aux menaces croissantes, et a annonc\u00e9   la tenue, fin juin 2025 \u00e0 Abidjan, du premier Salon africain des solutions au terrorisme, sous la pr\u00e9sidence du Ministre d\u2019\u00c9tat, ministre de la D\u00e9fense de la R\u00e9publique de C\u00f4te d\u2019Ivoire. Il a conclu en remerciant l\u2019\u00c9tat d\u2019Australie, la Conf\u00e9d\u00e9ration suisse, ainsi que l\u2019Union europ\u00e9enne, cette derni\u00e8re ayant apport\u00e9 un financement de 600 000 euros (environ 393 millions de FCFA) en soutien \u00e0 l\u2019IRS.<\/p>\n<p>De son c\u00f4t\u00e9, Martina Borovac Pecarevic, cheffe du service politique de la d\u00e9l\u00e9gation de l\u2019Union europ\u00e9enne, a rappel\u00e9 que la lutte contre le terrorisme transr\u00e9gional \u00e9tait une priorit\u00e9 de l\u2019UE. Elle a mentionn\u00e9 plusieurs projets tels que SECORCI, SECUNORD et DEFEND dans le nord de la C\u00f4te d\u2019Ivoire, qui illustrent une approche holistique de la s\u00e9curit\u00e9. Depuis 2022, l\u2019UE soutient le renforcement de l\u2019AILCT avec un projet de 10 millions d\u2019euros (environ 6,5 milliards de FCFA), visant \u00e0 d\u00e9velopper l\u2019\u00e9cole interminist\u00e9rielle du contre-terrorisme et \u00e0 appuyer l\u2019IRS. Elle a cit\u00e9 plusieurs initiatives concr\u00e8tes : conf\u00e9rence \u00e0 l\u2019Universit\u00e9 P\u00e9l\u00e9foro Gon Coulibaly de Korhogo, formation de jeunes leaders \u00e0 Jacqueville, appui \u00e0 la rentr\u00e9e acad\u00e9mique de l\u2019AILCT et formation de guides religieux \u00e0 Korhogo. En avril dernier, un s\u00e9minaire sur la lutte contre la propagande djihadiste et son impact sur la jeunesse s\u2019est tenu \u00e0 l\u2019Universit\u00e9 F\u00e9lix Houphou\u00ebt-Boigny.<\/p>\n<p>L\u00e9o Trembley, chef de mission adjoint \u00e0 l\u2019ambassade de Suisse, a pour sa part soulign\u00e9 l\u2019importance de la collaboration avec l\u2019AILCT. Il a rappel\u00e9 que la Suisse, reconnue pour sa neutralit\u00e9, ne participait pas aux conflits arm\u00e9s mais \u0153uvrait pour la paix et la s\u00e9curit\u00e9. Il a insist\u00e9 sur le fait que la neutralit\u00e9 n\u2019\u00e9tait pas synonyme d\u2019indiff\u00e9rence, et que la Suisse, comme de nombreux pays, \u00e9tait pr\u00e9occup\u00e9e par la d\u00e9t\u00e9rioration de la situation au Sahel et la recrudescence des attentats dans les pays voisins de la C\u00f4te d\u2019Ivoire. Il a salu\u00e9 l\u2019initiative de l\u2019AILCT d\u2019installer un centre r\u00e9gional d\u2019expertise \u00e0 Abidjan, et pr\u00e9cis\u00e9 que la Suisse avait financ\u00e9 la production de deux \u00e9tudes de l\u2019IRS. Il a exprim\u00e9 le souhait de continuer \u00e0 soutenir cette dynamique, estimant que de nombreux autres sujets m\u00e9ritaient d\u2019\u00eatre abord\u00e9s.<\/p>\n<p><strong>Olivier Dion avec G\u00e9rard Batoua<\/strong><\/p>\n","protected":false},"excerpt":{"rendered":"<p>L\u2019Acad\u00e9mie Internationale de Lutte Contre le Terrorisme (AILCT), en collaboration avec ses partenaires, a pr\u00e9sent\u00e9 les r\u00e9sultats de plusieurs recherches \u00e0 travers son Institut de Recherche Strat\u00e9gique (IRS), lors d\u2019une conf\u00e9rence de restitution tenue dans un h\u00f4tel \u00e0 Cocody, Abidjan. Au cours de la c\u00e9r\u00e9monie, Joseph Kouam\u00e9 Allah, directeur g\u00e9n\u00e9ral de l\u2019Acad\u00e9mie, a exprim\u00e9 toute [&hellip;]<\/p>\n","protected":false},"author":4,"featured_media":38374,"comment_status":"closed","ping_status":"closed","sticky":false,"template":"","format":"standard","meta":{"_monsterinsights_skip_tracking":false,"_monsterinsights_sitenote_active":false,"_monsterinsights_sitenote_note":"","_monsterinsights_sitenote_category":0,"footnotes":""},"categories":[2,1,17],"tags":[5260,5259,4345],"class_list":["post-38373","post","type-post","status-publish","format-standard","has-post-thumbnail","hentry","category-featured","category-actualites","category-politique","tag-institut-de-recherche","tag-lutte-contre-le-terrorisme","tag-strategique"],"_links":{"self":[{"href":"https:\/\/www.lintelligentdabidjan.info\/news\/wp-json\/wp\/v2\/posts\/38373","targetHints":{"allow":["GET"]}}],"collection":[{"href":"https:\/\/www.lintelligentdabidjan.info\/news\/wp-json\/wp\/v2\/posts"}],"about":[{"href":"https:\/\/www.lintelligentdabidjan.info\/news\/wp-json\/wp\/v2\/types\/post"}],"author":[{"embeddable":true,"href":"https:\/\/www.lintelligentdabidjan.info\/news\/wp-json\/wp\/v2\/users\/4"}],"replies":[{"embeddable":true,"href":"https:\/\/www.lintelligentdabidjan.info\/news\/wp-json\/wp\/v2\/comments?post=38373"}],"version-history":[{"count":1,"href":"https:\/\/www.lintelligentdabidjan.info\/news\/wp-json\/wp\/v2\/posts\/38373\/revisions"}],"predecessor-version":[{"id":38375,"href":"https:\/\/www.lintelligentdabidjan.info\/news\/wp-json\/wp\/v2\/posts\/38373\/revisions\/38375"}],"wp:featuredmedia":[{"embeddable":true,"href":"https:\/\/www.lintelligentdabidjan.info\/news\/wp-json\/wp\/v2\/media\/38374"}],"wp:attachment":[{"href":"https:\/\/www.lintelligentdabidjan.info\/news\/wp-json\/wp\/v2\/media?parent=38373"}],"wp:term":[{"taxonomy":"category","embeddable":true,"href":"https:\/\/www.lintelligentdabidjan.info\/news\/wp-json\/wp\/v2\/categories?post=38373"},{"taxonomy":"post_tag","embeddable":true,"href":"https:\/\/www.lintelligentdabidjan.info\/news\/wp-json\/wp\/v2\/tags?post=38373"}],"curies":[{"name":"wp","href":"https:\/\/api.w.org\/{rel}","templated":true}]}}