{"id":38380,"date":"2025-05-23T06:48:55","date_gmt":"2025-05-23T04:48:55","guid":{"rendered":"https:\/\/www.lintelligentdabidjan.info\/news\/?p=38380"},"modified":"2025-05-23T06:49:10","modified_gmt":"2025-05-23T04:49:10","slug":"thimo-dans-le-cavally-100-jeunes-formes-sur-des-agr","status":"publish","type":"post","link":"https:\/\/www.lintelligentdabidjan.info\/news\/thimo-dans-le-cavally-100-jeunes-formes-sur-des-agr\/","title":{"rendered":"THIMO   dans le Cavally :    100  jeunes   form\u00e9s  sur des AGR."},"content":{"rendered":"<p><em><strong>La salle de r\u00e9union de la mairie de Ta\u00ef a servi de cadre \u00e0 la formation des b\u00e9n\u00e9ficiaires du projet THIMO, ce jeudi 22 mai 2025.<\/strong><\/em><\/p>\n<p>Dans le cadre du renforcement de l\u2019autonomisation des femmes et des jeunes, et pour redynamiser les activit\u00e9s g\u00e9n\u00e9ratrices de revenus (AGR), le Minist\u00e8re de la Promotion de la Jeunesse et de l\u2019Insertion Professionnelle, en collaboration avec le Conseil R\u00e9gional du Cavally \u2014 pr\u00e9sid\u00e9 par Madame le Ministre d\u2019\u00c9tat, Ministre de la Fonction Publique et de la Modernisation de l\u2019Administration, Anne D\u00e9sir\u00e9e Ouloto \u2014 a organis\u00e9 une formation au profit de plus de 100 jeunes, filles comme gar\u00e7ons, dans le d\u00e9partement de Ta\u00ef.<\/p>\n<p>Cette formation s\u2019est articul\u00e9e autour de trois (3) th\u00e9matiques principales : les techniques de montage du plan d&#8217;affaires, l\u2019\u00e9tude de march\u00e9 et l\u2019analyse financi\u00e8re. Elle a \u00e9t\u00e9 anim\u00e9e par M. Yeo Georges, chef de l\u2019Agence Emploi Jeunes de la r\u00e9gion du Cavally, et a concern\u00e9 divers domaines d\u2019activit\u00e9s, notamment l\u2019agriculture, l\u2019artisanat, la restauration, et l\u2019\u00e9levage. L\u2019objectif \u00e9tait de permettre aux participants de formuler un plan d\u2019affaires afin de b\u00e9n\u00e9ficier des projets AGR.<\/p>\n<p>Selon M. Yeo Georges, ce dispositif est particuli\u00e8rement important pour la r\u00e9gion du Cavally et tient profond\u00e9ment \u00e0 c\u0153ur \u00e0 la Ministre d\u2019\u00c9tat, Anne D\u00e9sir\u00e9e Ouloto :<\/p>\n<p>\u00ab Cette formation va permettre aux jeunes b\u00e9n\u00e9ficiaires du projet THIMO de cr\u00e9er eux-m\u00eames leur propre activit\u00e9, apr\u00e8s les six mois d\u2019engagement dans leurs localit\u00e9s respectives. Nous avons initi\u00e9 cette session non seulement pour les sensibiliser \u00e0 la coh\u00e9sion sociale et \u00e0 la paix, mais aussi pour les occuper de mani\u00e8re productive, dans un contexte pr\u00e9\u00e9lectoral. Nous ne voulons pas revivre les \u00e9v\u00e9nements tragiques de 2002 et 2010. Madame la Ministre d\u2019\u00c9tat tient \u00e0 ces jeunes et souhaite qu\u2019ils soient pr\u00e9par\u00e9s \u00e0 prendre leur avenir en main. \u00bb<\/p>\n<p>Il a pr\u00e9cis\u00e9 : \u00ab Nous avons commenc\u00e9 par le d\u00e9partement de Ta\u00ef, notamment les sous-pr\u00e9fectures de Zagn\u00e9 et de Ta\u00ef, qui comptent \u00e0 elles seules 100 jeunes b\u00e9n\u00e9ficiaires sur les 500 pr\u00e9vus dans la r\u00e9gion du Cavally. Au-del\u00e0 du projet THIMO, nous leur enseignons comment monter un plan d\u2019affaires pour solliciter un pr\u00eat bancaire. Apr\u00e8s THIMO, ils auront ainsi la possibilit\u00e9 de d\u00e9velopper leur AGR existante ou d\u2019en initier une nouvelle. \u00bb<\/p>\n<p><strong><br \/>\nKonhon Dominique <\/strong><\/p>\n","protected":false},"excerpt":{"rendered":"<p>La salle de r\u00e9union de la mairie de Ta\u00ef a servi de cadre \u00e0 la formation des b\u00e9n\u00e9ficiaires du projet THIMO, ce jeudi 22 mai 2025. Dans le cadre du renforcement de l\u2019autonomisation des femmes et des jeunes, et pour redynamiser les activit\u00e9s g\u00e9n\u00e9ratrices de revenus (AGR), le Minist\u00e8re de la Promotion de la Jeunesse [&hellip;]<\/p>\n","protected":false},"author":4,"featured_media":38381,"comment_status":"closed","ping_status":"closed","sticky":false,"template":"","format":"standard","meta":{"_monsterinsights_skip_tracking":false,"_monsterinsights_sitenote_active":false,"_monsterinsights_sitenote_note":"","_monsterinsights_sitenote_category":0,"footnotes":""},"categories":[2,3],"tags":[2895,712,701,5264],"class_list":["post-38380","post","type-post","status-publish","format-standard","has-post-thumbnail","hentry","category-featured","category-societe","tag-agr","tag-cavally","tag-jeunes","tag-thimo"],"_links":{"self":[{"href":"https:\/\/www.lintelligentdabidjan.info\/news\/wp-json\/wp\/v2\/posts\/38380","targetHints":{"allow":["GET"]}}],"collection":[{"href":"https:\/\/www.lintelligentdabidjan.info\/news\/wp-json\/wp\/v2\/posts"}],"about":[{"href":"https:\/\/www.lintelligentdabidjan.info\/news\/wp-json\/wp\/v2\/types\/post"}],"author":[{"embeddable":true,"href":"https:\/\/www.lintelligentdabidjan.info\/news\/wp-json\/wp\/v2\/users\/4"}],"replies":[{"embeddable":true,"href":"https:\/\/www.lintelligentdabidjan.info\/news\/wp-json\/wp\/v2\/comments?post=38380"}],"version-history":[{"count":1,"href":"https:\/\/www.lintelligentdabidjan.info\/news\/wp-json\/wp\/v2\/posts\/38380\/revisions"}],"predecessor-version":[{"id":38382,"href":"https:\/\/www.lintelligentdabidjan.info\/news\/wp-json\/wp\/v2\/posts\/38380\/revisions\/38382"}],"wp:featuredmedia":[{"embeddable":true,"href":"https:\/\/www.lintelligentdabidjan.info\/news\/wp-json\/wp\/v2\/media\/38381"}],"wp:attachment":[{"href":"https:\/\/www.lintelligentdabidjan.info\/news\/wp-json\/wp\/v2\/media?parent=38380"}],"wp:term":[{"taxonomy":"category","embeddable":true,"href":"https:\/\/www.lintelligentdabidjan.info\/news\/wp-json\/wp\/v2\/categories?post=38380"},{"taxonomy":"post_tag","embeddable":true,"href":"https:\/\/www.lintelligentdabidjan.info\/news\/wp-json\/wp\/v2\/tags?post=38380"}],"curies":[{"name":"wp","href":"https:\/\/api.w.org\/{rel}","templated":true}]}}