{"id":38383,"date":"2025-05-23T06:52:47","date_gmt":"2025-05-23T04:52:47","guid":{"rendered":"https:\/\/www.lintelligentdabidjan.info\/news\/?p=38383"},"modified":"2025-05-23T06:52:52","modified_gmt":"2025-05-23T04:52:52","slug":"lintelligent-en-pdf-prix-unesco-pour-la-paix-a-abidjan-houphouet-bedie-ouattara-costa-des-figures-de-paix-a-lhonneur","status":"publish","type":"post","link":"https:\/\/www.lintelligentdabidjan.info\/news\/lintelligent-en-pdf-prix-unesco-pour-la-paix-a-abidjan-houphouet-bedie-ouattara-costa-des-figures-de-paix-a-lhonneur\/","title":{"rendered":"L&#8217;Intelligent en PDF:   Prix Unesco pour la paix \u00e0 Abidjan  Houphou\u00ebt, B\u00e9di\u00e9, Ouattara, Costa : des figures de paix \u00e0 l&#8217;honneur"},"content":{"rendered":"<p><strong>Des figures embl\u00e9matiques de la paix telles que Houphou\u00ebt-Boigny, B\u00e9di\u00e9, Ouattara et Costa ont \u00e9t\u00e9 mises \u00e0 l&#8217;honneur lors de la c\u00e9r\u00e9monie de remise du Prix F\u00e9lix Houphou\u00ebt-Boigny \u2013 UNESCO pour la recherche de la paix, tenue le jeudi 22 mai 2025 \u00e0 Abidjan.<\/strong><br \/>\nComment s&#8217;est d\u00e9roul\u00e9e la c\u00e9r\u00e9monie?<\/p>\n<p>Article \u00e0 d\u00e9couvrir dans vos kiosques et en ligne sur&#8230;<\/p>\n<p><a href=\"https:\/\/news.abidjan.net\/titrologie\/39-lintelligent-dabidjan\/articles\" target=\"_blank\">https:\/\/news.abidjan.net\/titrologie\/39-lintelligent-dabidjan\/articles<\/a><\/p>\n<p>\u00c0 lire aussi la r\u00e9action du Pdci et de ma\u00eetre Alain Bokola sur le d\u00e9lib\u00e9r\u00e9 du proc\u00e8s Thiam-Val\u00e9rie Yapo, Wakili Alaf\u00e9 et Elisa Coulibaly parlent de la notion de souverainet\u00e9 en C\u00f4te d\u2019Ivoire, Kalil KONAT\u00c9 \u00e9num\u00e8re les conditions d\u2019un d\u00e9ploiement plein des technologies en C\u00f4te d\u2019Ivoire, Un ministre et un d\u00e9put\u00e9 fran\u00e7ais r\u00e9agissent sur le processus \u00e9lectoral en C\u00f4te d\u2019Ivoire, Le minist\u00e8re de la Promotion de la Jeunesse, Insertion Professionnelle et Service Civique renforce l&#8217;expertise de ses inspections.<\/p>\n<p>Cliquez pour les d\u00e9tails<\/p>\n<p><a href=\"https:\/\/www.afrikipresse.fr\/abonnement\" target=\"_blank\">https:\/\/www.afrikipresse.fr\/abonnement<\/a><br \/>\n\u00c0 voir \u00e9galement des enseignants-chercheurs menacent au niveau de l&#8217;enseignement sup\u00e9rieur et une rencontre contre la fistule obst\u00e9tricale.<\/p>\n<p><a href=\"https:\/\/www.pressecotedivoire.fr\/titrologie\" target=\"_blank\">https:\/\/www.pressecotedivoire.fr\/titrologie<\/a><\/p>\n","protected":false},"excerpt":{"rendered":"<p>Des figures embl\u00e9matiques de la paix telles que Houphou\u00ebt-Boigny, B\u00e9di\u00e9, Ouattara et Costa ont \u00e9t\u00e9 mises \u00e0 l&#8217;honneur lors de la c\u00e9r\u00e9monie de remise du Prix F\u00e9lix Houphou\u00ebt-Boigny \u2013 UNESCO pour la recherche de la paix, tenue le jeudi 22 mai 2025 \u00e0 Abidjan. Comment s&#8217;est d\u00e9roul\u00e9e la c\u00e9r\u00e9monie? Article \u00e0 d\u00e9couvrir dans vos kiosques [&hellip;]<\/p>\n","protected":false},"author":4,"featured_media":38384,"comment_status":"closed","ping_status":"closed","sticky":false,"template":"","format":"standard","meta":{"_monsterinsights_skip_tracking":false,"_monsterinsights_sitenote_active":false,"_monsterinsights_sitenote_note":"","_monsterinsights_sitenote_category":0,"footnotes":""},"categories":[2,3],"tags":[],"class_list":["post-38383","post","type-post","status-publish","format-standard","has-post-thumbnail","hentry","category-featured","category-societe"],"_links":{"self":[{"href":"https:\/\/www.lintelligentdabidjan.info\/news\/wp-json\/wp\/v2\/posts\/38383","targetHints":{"allow":["GET"]}}],"collection":[{"href":"https:\/\/www.lintelligentdabidjan.info\/news\/wp-json\/wp\/v2\/posts"}],"about":[{"href":"https:\/\/www.lintelligentdabidjan.info\/news\/wp-json\/wp\/v2\/types\/post"}],"author":[{"embeddable":true,"href":"https:\/\/www.lintelligentdabidjan.info\/news\/wp-json\/wp\/v2\/users\/4"}],"replies":[{"embeddable":true,"href":"https:\/\/www.lintelligentdabidjan.info\/news\/wp-json\/wp\/v2\/comments?post=38383"}],"version-history":[{"count":1,"href":"https:\/\/www.lintelligentdabidjan.info\/news\/wp-json\/wp\/v2\/posts\/38383\/revisions"}],"predecessor-version":[{"id":38385,"href":"https:\/\/www.lintelligentdabidjan.info\/news\/wp-json\/wp\/v2\/posts\/38383\/revisions\/38385"}],"wp:featuredmedia":[{"embeddable":true,"href":"https:\/\/www.lintelligentdabidjan.info\/news\/wp-json\/wp\/v2\/media\/38384"}],"wp:attachment":[{"href":"https:\/\/www.lintelligentdabidjan.info\/news\/wp-json\/wp\/v2\/media?parent=38383"}],"wp:term":[{"taxonomy":"category","embeddable":true,"href":"https:\/\/www.lintelligentdabidjan.info\/news\/wp-json\/wp\/v2\/categories?post=38383"},{"taxonomy":"post_tag","embeddable":true,"href":"https:\/\/www.lintelligentdabidjan.info\/news\/wp-json\/wp\/v2\/tags?post=38383"}],"curies":[{"name":"wp","href":"https:\/\/api.w.org\/{rel}","templated":true}]}}