{"id":38458,"date":"2025-05-30T09:28:12","date_gmt":"2025-05-30T07:28:12","guid":{"rendered":"https:\/\/www.lintelligentdabidjan.info\/news\/?p=38458"},"modified":"2025-05-30T09:28:12","modified_gmt":"2025-05-30T07:28:12","slug":"contribution-chroniqueurs-et-influenceurs-a-la-television-entre-competence-et-notoriete","status":"publish","type":"post","link":"https:\/\/www.lintelligentdabidjan.info\/news\/contribution-chroniqueurs-et-influenceurs-a-la-television-entre-competence-et-notoriete\/","title":{"rendered":"Contribution-   Chroniqueurs et influenceurs \u00e0 la t\u00e9l\u00e9vision : entre comp\u00e9tence et notori\u00e9t\u00e9"},"content":{"rendered":"<p><em><strong>La lib\u00e9ralisation du secteur audiovisuel en C\u00f4te d\u2019Ivoire a \u00e9t\u00e9 longtemps r\u00e9clam\u00e9e par la population, dans l\u2019optique de promouvoir la libert\u00e9 d\u2019expression et la diversit\u00e9 des m\u00e9dias, afin de garantir une pluralit\u00e9 de l\u2019information et la libert\u00e9 d\u2019opinion.<\/strong><\/em><\/p>\n<p>Cette ouverture du paysage audiovisuel devait permettre la cr\u00e9ation d\u2019emplois pour les professionnels des m\u00e9dias, y compris les dipl\u00f4m\u00e9s en journalisme, en communication et d&#8217;autres domaines connexes indispensables au bon fonctionnement du secteur.<\/p>\n<p>Grande fut notre surprise de constater que  des  cha\u00eenes de t\u00e9l\u00e9vision recrutent  , des personnes appel\u00e9es &#8220;chroniqueurs&#8221; ou &#8220;influenceurs&#8221; pour animer des \u00e9missions aux th\u00e9matiques parfois tr\u00e8s sensibles, souvent diffus\u00e9es en heures de grande \u00e9coute.<\/p>\n<p>Ces \u00e9missions exigent pourtant un certain niveau de connaissances intellectuelles et professionnelles.<\/p>\n<p>Une grande partie de notre jeunesse, friande de ces programmes, est influenc\u00e9e par ces figures m\u00e9diatiques, non pour leurs comp\u00e9tences, mais pour leur notori\u00e9t\u00e9. Le danger est r\u00e9el : ces jeunes, fascin\u00e9s par la facilit\u00e9 apparente de la r\u00e9ussite de ces influenceurs, perdent la motivation de s\u2019investir dans des \u00e9tudes s\u00e9rieuses. Pourquoi poursuivre un cursus en journalisme ou en communication quand il suffit d\u2019\u00eatre populaire sur les r\u00e9seaux sociaux pour \u00eatre recrut\u00e9 par une cha\u00eene de t\u00e9l\u00e9vision ?<\/p>\n<p>Si cette tendance persiste, des institutions comme l\u2019ISTC Polytechnique fleuron africain de la formation en communication  risquent de fermer leurs portes, tout comme d\u2019autres centres de formation dans ce domaine.<\/p>\n<p>Il est urgent que les d\u00e9cideurs politiques interpellent les cha\u00eenes de t\u00e9l\u00e9vision et les contraignent \u00e0 respecter leurs cahiers des charges. Le recrutement de chroniqueurs ou d\u2019animateurs devrait ob\u00e9ir \u00e0 des crit\u00e8res clairs, notamment un niveau de formation minimum dans les domaines concern\u00e9s.<\/p>\n<p>Les m\u00e9dias ont pour mission d\u2019\u00e9duquer et d\u2019informer les populations.<\/p>\n<p> C\u2019est pourquoi ceux qui portent la parole publique doivent disposer d\u2019un bagage intellectuel suffisant et faire preuve de probit\u00e9 morale.<\/p>\n<p> Leur influence sur les jeunes, en qu\u00eate de rep\u00e8res et de mod\u00e8les, est immense. Dans une soci\u00e9t\u00e9 o\u00f9 certaines valeurs fondamentales tendent \u00e0 dispara\u00eetre, notamment du fait de la d\u00e9mission parentale, cette responsabilit\u00e9 est capitale.<\/p>\n<p>La HACA, en tant qu\u2019organe de r\u00e9gulation du secteur audiovisuel, doit pleinement jouer son r\u00f4le.<\/p>\n<p>Il est temps de remettre de l\u2019ordre dans le paysage m\u00e9diatique national, pour le bien de notre jeunesse.<\/p>\n<p>La libert\u00e9 d\u2019expression ne doit pas \u00eatre un pr\u00e9texte pour offrir une tribune \u00e0 des personnes d\u00e9pourvues de comp\u00e9tences, exposant des opinions approximatives sur des sujets qu\u2019elles ne ma\u00eetrisent pas. Les t\u00e9l\u00e9spectateurs m\u00e9ritent le respect. Nos m\u00e9dias doivent en \u00eatre conscients.<\/p>\n<p><strong>Adou Evariste Analyste Politique<\/strong><\/p>\n","protected":false},"excerpt":{"rendered":"<p>La lib\u00e9ralisation du secteur audiovisuel en C\u00f4te d\u2019Ivoire a \u00e9t\u00e9 longtemps r\u00e9clam\u00e9e par la population, dans l\u2019optique de promouvoir la libert\u00e9 d\u2019expression et la diversit\u00e9 des m\u00e9dias, afin de garantir une pluralit\u00e9 de l\u2019information et la libert\u00e9 d\u2019opinion. Cette ouverture du paysage audiovisuel devait permettre la cr\u00e9ation d\u2019emplois pour les professionnels des m\u00e9dias, y compris [&hellip;]<\/p>\n","protected":false},"author":4,"featured_media":38459,"comment_status":"closed","ping_status":"closed","sticky":false,"template":"","format":"standard","meta":{"_monsterinsights_skip_tracking":false,"_monsterinsights_sitenote_active":false,"_monsterinsights_sitenote_note":"","_monsterinsights_sitenote_category":0,"footnotes":""},"categories":[2,3],"tags":[5297,5300,1246,5298,5301,5299],"class_list":["post-38458","post","type-post","status-publish","format-standard","has-post-thumbnail","hentry","category-featured","category-societe","tag-chroniqueurs","tag-competence","tag-contribution","tag-influenceurs","tag-notoriete","tag-television"],"_links":{"self":[{"href":"https:\/\/www.lintelligentdabidjan.info\/news\/wp-json\/wp\/v2\/posts\/38458","targetHints":{"allow":["GET"]}}],"collection":[{"href":"https:\/\/www.lintelligentdabidjan.info\/news\/wp-json\/wp\/v2\/posts"}],"about":[{"href":"https:\/\/www.lintelligentdabidjan.info\/news\/wp-json\/wp\/v2\/types\/post"}],"author":[{"embeddable":true,"href":"https:\/\/www.lintelligentdabidjan.info\/news\/wp-json\/wp\/v2\/users\/4"}],"replies":[{"embeddable":true,"href":"https:\/\/www.lintelligentdabidjan.info\/news\/wp-json\/wp\/v2\/comments?post=38458"}],"version-history":[{"count":1,"href":"https:\/\/www.lintelligentdabidjan.info\/news\/wp-json\/wp\/v2\/posts\/38458\/revisions"}],"predecessor-version":[{"id":38460,"href":"https:\/\/www.lintelligentdabidjan.info\/news\/wp-json\/wp\/v2\/posts\/38458\/revisions\/38460"}],"wp:featuredmedia":[{"embeddable":true,"href":"https:\/\/www.lintelligentdabidjan.info\/news\/wp-json\/wp\/v2\/media\/38459"}],"wp:attachment":[{"href":"https:\/\/www.lintelligentdabidjan.info\/news\/wp-json\/wp\/v2\/media?parent=38458"}],"wp:term":[{"taxonomy":"category","embeddable":true,"href":"https:\/\/www.lintelligentdabidjan.info\/news\/wp-json\/wp\/v2\/categories?post=38458"},{"taxonomy":"post_tag","embeddable":true,"href":"https:\/\/www.lintelligentdabidjan.info\/news\/wp-json\/wp\/v2\/tags?post=38458"}],"curies":[{"name":"wp","href":"https:\/\/api.w.org\/{rel}","templated":true}]}}