{"id":38475,"date":"2025-06-02T03:32:32","date_gmt":"2025-06-02T01:32:32","guid":{"rendered":"https:\/\/www.lintelligentdabidjan.info\/news\/?p=38475"},"modified":"2025-06-02T03:32:52","modified_gmt":"2025-06-02T01:32:52","slug":"en-mission-a-bouake-issiaka-sangare-president-du-courant-democratie-et-valeurs-du-fpi-en-juillet-nous-allons-designer-notre-candidat","status":"publish","type":"post","link":"https:\/\/www.lintelligentdabidjan.info\/news\/en-mission-a-bouake-issiaka-sangare-president-du-courant-democratie-et-valeurs-du-fpi-en-juillet-nous-allons-designer-notre-candidat\/","title":{"rendered":"En mission \u00e0 Bouak\u00e9-Issiaka Sangar\u00e9, pr\u00e9sident du courant \u00ab D\u00e9mocratie et valeurs \u00bb du FPI :   \u00ab En juillet, nous allons d\u00e9signer notre candidat \u00bb"},"content":{"rendered":"<p><em><strong>Le pr\u00e9sident du courant \u00ab D\u00e9mocratie et valeurs \u00bb du Front Populaire Ivoirien (FPI), Issiaka Sangar\u00e9, \u00e9tait en mission de mobilisation de ses militants et sympathisants \u00e0 Bouak\u00e9, capitale de la r\u00e9gion du Gb\u00eak\u00ea. Cette activit\u00e9 s\u2019est tenue le samedi 31 mai 2025, au Centre Culturel Jacques Aka, en pr\u00e9sence d\u2019une forte d\u00e9l\u00e9gation.<\/strong><\/em><br \/>\nD\u00e8s l\u2019ouverture, c\u2019est le d\u00e9l\u00e9gu\u00e9 r\u00e9gional du Gb\u00eak\u00ea, Norbert Bl\u00e9, qui s\u2019est adress\u00e9 aux militants venus de nombreuses localit\u00e9s : Sakassou, B\u00e9oumi, Bodokro, Lolobo, Marabadiassa, Katiola, entre autres. Il a dress\u00e9 le bilan \u00e0 mi-parcours du courant.<\/p>\n<p><strong>200 sections enregistr\u00e9es par les f\u00e9d\u00e9rations<\/strong><\/p>\n<p>\u00ab Depuis le 24 septembre 2024, nous avons pris nos responsabilit\u00e9s pour sauver le FPI et \u00e9viter le naufrage. Tous les camarades ont compris le message lanc\u00e9 par la cellule tactique dirig\u00e9e par le pr\u00e9sident d\u00e9l\u00e9gu\u00e9 Issiaka Sangar\u00e9. Les militants du Gb\u00eak\u00ea ont tr\u00e8s t\u00f4t adh\u00e9r\u00e9 \u00e0 l\u2019appel ! Sur les 33 f\u00e9d\u00e9rations enregistr\u00e9es dans le fichier du FPI, le CDV (Courant D\u00e9mocratie et Valeurs) en conserve 30. Au total, ce sont 200 sections bien encadr\u00e9es par les f\u00e9d\u00e9rations. Nous enregistrons \u00e9galement l\u2019arriv\u00e9e de trois nouveaux f\u00e9d\u00e9raux issus de la f\u00e9d\u00e9ration \u00e9clat\u00e9e d\u2019Ahougnansou : Ahougnansou Commune, Ahougnansou 2 et Ahougnansou Dohoun. \u00bb<br \/>\nSelon lui, le courant \u00ab D\u00e9mocratie et valeurs \u00bb transforme l\u2019exclusion orchestr\u00e9e par d\u2019anciens camarades en une avanc\u00e9e d\u00e9cisive. Il voit dans cette \u00ab vuln\u00e9rabilit\u00e9 momentan\u00e9e \u00bb un tremplin pour la renaissance d\u2019un FPI uni, solidaire et fort, fid\u00e8le aux principes et aux textes fondateurs du parti, notamment les statuts de juillet 2001 et leur version modifi\u00e9e en 2018.<br \/>\n\u00ab C\u2019est l\u00e0 toute la quintessence de l\u2019art politique : savoir se r\u00e9inventer, dispara\u00eetre pour mieux r\u00e9appara\u00eetre, et faire de chaque obstacle une opportunit\u00e9 de rebond qualitatif \u00bb, a conclu Norbert Bl\u00e9.<br \/>\nIssiaka Sangar\u00e9 : &#8220;Il ne faut pas attenter \u00e0 la l\u00e9gitimit\u00e9 institutionnelle&#8221;<br \/>\nPrenant la parole \u00e0 son tour, Issiaka Sangar\u00e9 a abord\u00e9 plusieurs sujets d\u2019actualit\u00e9 nationale, notamment l\u2019appel au dialogue politique lanc\u00e9 par une partie de l\u2019opposition.<br \/>\n\u00ab Il y a un appel fort en faveur du dialogue politique ces temps-ci. Mais dire que l\u2019absence de dialogue est une \u00e9p\u00e9e de Damocl\u00e8s sur le pays n\u2019est pas une d\u00e9marche responsable. Le dialogue politique suppose la participation de plusieurs partis. Il ne doit pas \u00eatre une atteinte \u00e0 la l\u00e9gitimit\u00e9 d\u00e9mocratique. Celui -ci repose sur des institutions \u00e9lues par les populations et investies de pr\u00e9rogatives constitutionnelles. Il ne faut pas laisser croire que le dialogue politique pourrait imposer de nouvelles r\u00e8gles au m\u00e9pris de ces institutions. Une telle d\u00e9rive nous \u00e9loignerait du respect du calendrier \u00e9lectoral pr\u00e9vu par la Constitution. \u00bb<\/p>\n<p><strong>&#8220;Nous ne demandons pas un partenariat avec le RHDP&#8221;<\/strong><\/p>\n<p>Issiaka Sangar\u00e9 a \u00e9galement clarifi\u00e9 la position de son courant vis-\u00e0-vis du parti au pouvoir :<br \/>\n\u00ab Nous repr\u00e9sentons un nouvel espoir pour le peuple. Nous voulons un environnement o\u00f9 les Ivoiriens peuvent dialoguer dans la paix, pour b\u00e2tir une C\u00f4te d\u2019Ivoire meilleure. Nous sommes attach\u00e9s au partenariat avec le RHDP. Ce n\u2019est pas de l\u2019opportunisme, mais une opportunit\u00e9 pour faire avancer le pays et \u00e9viter les drames du pass\u00e9. Nous ne demandons pas un partenariat, car il existait d\u00e9j\u00e0. Nous souhaitons seulement son renforcement, notamment sur les questions \u00e9lectorales. \u00bb<br \/>\nIl a critiqu\u00e9 l\u2019attitude d\u2019Affi N\u2019Guessan :<br \/>\n\u00ab Affi avait d\u00e9clar\u00e9 que le partenariat n\u2019avait pas cette vocation. Il en est sorti simplement parce qu\u2019il a perdu dans la r\u00e9gion du Moronou. C\u2019est paradoxal. \u00bb<br \/>\nLe pr\u00e9sident du CDV a annonc\u00e9 un grand rassemblement \u00e0 Abidjan en juillet 2025 pour d\u00e9signer leur candidat \u00e0 la pr\u00e9sidentielle d\u2019octobre.<br \/>\n\u00ab L\u2019opposition doit proposer des id\u00e9es au pouvoir. La politique est comme la boxe : on se donne des coups, puis on se salue. Mais il ne faut pas croire que le RHDP va faire le lit de l\u2019opposition. \u00bb<br \/>\n______________<br \/>\n<strong>Foums\u00e9k\u00e9 Coulibaly, envoy\u00e9 sp\u00e9cial \u00e0 Bouak\u00e9<\/strong><\/p>\n","protected":false},"excerpt":{"rendered":"<p>Le pr\u00e9sident du courant \u00ab D\u00e9mocratie et valeurs \u00bb du Front Populaire Ivoirien (FPI), Issiaka Sangar\u00e9, \u00e9tait en mission de mobilisation de ses militants et sympathisants \u00e0 Bouak\u00e9, capitale de la r\u00e9gion du Gb\u00eak\u00ea. Cette activit\u00e9 s\u2019est tenue le samedi 31 mai 2025, au Centre Culturel Jacques Aka, en pr\u00e9sence d\u2019une forte d\u00e9l\u00e9gation. D\u00e8s l\u2019ouverture, [&hellip;]<\/p>\n","protected":false},"author":4,"featured_media":38476,"comment_status":"closed","ping_status":"closed","sticky":false,"template":"","format":"standard","meta":{"_monsterinsights_skip_tracking":false,"_monsterinsights_sitenote_active":false,"_monsterinsights_sitenote_note":"","_monsterinsights_sitenote_category":0,"footnotes":""},"categories":[2,17],"tags":[125,2178,5303,45,1018,5305,2376,5304],"class_list":["post-38475","post","type-post","status-publish","format-standard","has-post-thumbnail","hentry","category-featured","category-politique","tag-bouake","tag-candidat","tag-democratie","tag-fpi","tag-issiaka-sangare","tag-juillet","tag-mission","tag-valeurs"],"_links":{"self":[{"href":"https:\/\/www.lintelligentdabidjan.info\/news\/wp-json\/wp\/v2\/posts\/38475","targetHints":{"allow":["GET"]}}],"collection":[{"href":"https:\/\/www.lintelligentdabidjan.info\/news\/wp-json\/wp\/v2\/posts"}],"about":[{"href":"https:\/\/www.lintelligentdabidjan.info\/news\/wp-json\/wp\/v2\/types\/post"}],"author":[{"embeddable":true,"href":"https:\/\/www.lintelligentdabidjan.info\/news\/wp-json\/wp\/v2\/users\/4"}],"replies":[{"embeddable":true,"href":"https:\/\/www.lintelligentdabidjan.info\/news\/wp-json\/wp\/v2\/comments?post=38475"}],"version-history":[{"count":1,"href":"https:\/\/www.lintelligentdabidjan.info\/news\/wp-json\/wp\/v2\/posts\/38475\/revisions"}],"predecessor-version":[{"id":38477,"href":"https:\/\/www.lintelligentdabidjan.info\/news\/wp-json\/wp\/v2\/posts\/38475\/revisions\/38477"}],"wp:featuredmedia":[{"embeddable":true,"href":"https:\/\/www.lintelligentdabidjan.info\/news\/wp-json\/wp\/v2\/media\/38476"}],"wp:attachment":[{"href":"https:\/\/www.lintelligentdabidjan.info\/news\/wp-json\/wp\/v2\/media?parent=38475"}],"wp:term":[{"taxonomy":"category","embeddable":true,"href":"https:\/\/www.lintelligentdabidjan.info\/news\/wp-json\/wp\/v2\/categories?post=38475"},{"taxonomy":"post_tag","embeddable":true,"href":"https:\/\/www.lintelligentdabidjan.info\/news\/wp-json\/wp\/v2\/tags?post=38475"}],"curies":[{"name":"wp","href":"https:\/\/api.w.org\/{rel}","templated":true}]}}