{"id":38481,"date":"2025-06-02T03:41:27","date_gmt":"2025-06-02T01:41:27","guid":{"rendered":"https:\/\/www.lintelligentdabidjan.info\/news\/?p=38481"},"modified":"2025-06-02T03:42:37","modified_gmt":"2025-06-02T01:42:37","slug":"attogbain-kouame-patrice-representant-du-haut-representant-du-pdci-il-est-temps-daller-chercher-lacd-de-la-cote-divoire","status":"publish","type":"post","link":"https:\/\/www.lintelligentdabidjan.info\/news\/attogbain-kouame-patrice-representant-du-haut-representant-du-pdci-il-est-temps-daller-chercher-lacd-de-la-cote-divoire\/","title":{"rendered":"Attogbain Kouam\u00e9 Patrice,  repr\u00e9sentant du haut repr\u00e9sentant du  Pdci :      \u00ab Il est temps d\u2019aller chercher l\u2019ACD de la C\u00f4te d\u2019Ivoire \u00bb"},"content":{"rendered":"<p><em><strong>La coordination r\u00e9gionale du Pdci-Rda du Gb\u00eak\u00ea a organis\u00e9, le samedi 31 mai 2025, un rassemblement populaire au terrain de Kamounkro, dans la commune de Bouak\u00e9. Cette mobilisation s\u2019est inscrite dans le cadre des marches \u00e9clat\u00e9es organis\u00e9es \u00e0 travers le pays pour d\u00e9noncer la radiation de Tidjane Thiam, pr\u00e9sident du Pdci-Rda, de la liste \u00e9lectorale en vue de la pr\u00e9sidentielle d\u2019octobre 2025.<\/strong><\/em><\/p>\n<p>Des milliers de militants et sympathisants venus de Bouak\u00e9, Katiola et Dabakala ont r\u00e9pondu pr\u00e9sents \u00e0 l\u2019appel du parti, d\u00e9termin\u00e9s \u00e0 d\u00e9fendre les droits politiques de leur leader et \u00e0 r\u00e9clamer des conditions \u00e9lectorales transparentes et \u00e9quitables.<\/p>\n<p><strong>\u00ab Nous r\u00e9clamons un droit fondamental \u00bb, d\u00e9clare Kouadio Nestor<\/strong><\/p>\n<p>Au cours de la phase protocolaire, Kouadio Kouadio Nestor, vice-pr\u00e9sident du Pdci-Rda et d\u00e9l\u00e9gu\u00e9 communal de Koko, a rappel\u00e9 les revendications majeures du parti. \u00ab Nous sommes ici pour faire entendre notre voix. Il s\u2019agit de r\u00e9clamer le droit de Tidjane Thiam \u00e0 figurer sur la liste \u00e9lectorale, \u00e0 voter et \u00e0 \u00eatre candidat. C\u2019est un droit constitutionnel \u00bb, a-t-il martel\u00e9. Il a \u00e9galement exig\u00e9 la r\u00e9vision et l\u2019audit de la liste \u00e9lectorale dans le respect du calendrier \u00e9lectoral, d\u00e9non\u00e7ant au passage certaines anomalies qui, selon lui, entachent la cr\u00e9dibilit\u00e9 du fichier \u00e9lectoral. Dans une m\u00e9taphore \u00e9vocatrice, il a critiqu\u00e9 la pr\u00e9sence de cas fictifs sur la liste : \u00ab Nous voulons que l\u2019Ivoirienne qui a miraculeusement 400 enfants puisse se reposer enfin de ses multiples accouchements \u00e9lectoraux. \u00bb<\/p>\n<p><strong>Attogbain Kouam\u00e9 Patrice : \u00ab Il est temps d\u2019aller chercher l\u2019ACD de la C\u00f4te d\u2019Ivoire \u00bb<\/strong><\/p>\n<p>Le professeur Attogbain Kouam\u00e9 Patrice, repr\u00e9sentant du haut repr\u00e9sentant du parti dans le district de la Vall\u00e9e du Bandama Jean-Chrysostome Blessy , a tenu un discours fort, affirmant que le Pdci-Rda est le v\u00e9ritable \u00ab propri\u00e9taire terrien \u00bb de la C\u00f4te d\u2019Ivoire. Selon lui, il est temps pour le parti de \u00ab r\u00e9cup\u00e9rer l\u2019ACD \u00bb, une r\u00e9f\u00e9rence symbolique \u00e0 la gestion effective du pays. \u00ab Il est temps qu\u2019on aille chercher l\u2019ACD de la C\u00f4te d\u2019Ivoire. Nous exigeons la r\u00e9vision et l\u2019audit de la liste \u00e9lectorale. Ce sont des pr\u00e9alables non n\u00e9gociables pour garantir des \u00e9lections cr\u00e9dibles et inclusives \u00bb, a-t-il insist\u00e9.<\/p>\n<p>Il a mis les militants en mission pour une reconqu\u00eate politique du terrain : \u00ab Il n\u2019est plus temps de se battre pour soi-m\u00eame. Nous devons nous mobiliser pour Tidjane Thiam. \u00c0 chacun sa zone, \u00e0 chacun son village. Allons convaincre nos parents : trop, c\u2019est trop. Le temps du Pdci-Rda est arriv\u00e9. \u00bb<\/p>\n<p>Initialement pr\u00e9vue pour se d\u00e9rouler entre Kamounkro et la pr\u00e9fecture r\u00e9gionale, la marche a \u00e9t\u00e9 maintenue sur place, en raison de l\u2019indisponibilit\u00e9 des autorit\u00e9s administratives et s\u00e9curitaires, mobilis\u00e9es pour l\u2019accueil du Premier ministre s\u00e9n\u00e9galais en visite \u00e0 Bouak\u00e9. La motion de soutien au pr\u00e9sident du parti a tout de m\u00eame \u00e9t\u00e9 lue publiquement, scellant l\u2019engagement des militants en faveur de la candidature de Tidjane Thiam.<\/p>\n<p><strong>Nambac\u00e9r\u00e9 Jo\u00ebl<\/strong><\/p>\n","protected":false},"excerpt":{"rendered":"<p>La coordination r\u00e9gionale du Pdci-Rda du Gb\u00eak\u00ea a organis\u00e9, le samedi 31 mai 2025, un rassemblement populaire au terrain de Kamounkro, dans la commune de Bouak\u00e9. Cette mobilisation s\u2019est inscrite dans le cadre des marches \u00e9clat\u00e9es organis\u00e9es \u00e0 travers le pays pour d\u00e9noncer la radiation de Tidjane Thiam, pr\u00e9sident du Pdci-Rda, de la liste \u00e9lectorale [&hellip;]<\/p>\n","protected":false},"author":4,"featured_media":38482,"comment_status":"closed","ping_status":"closed","sticky":false,"template":"","format":"standard","meta":{"_monsterinsights_skip_tracking":false,"_monsterinsights_sitenote_active":false,"_monsterinsights_sitenote_note":"","_monsterinsights_sitenote_category":0,"footnotes":""},"categories":[2,17],"tags":[5309,5308,77,139],"class_list":["post-38481","post","type-post","status-publish","format-standard","has-post-thumbnail","hentry","category-featured","category-politique","tag-acd","tag-attogbain-kouame-patrice","tag-cote-divoire","tag-pdci"],"_links":{"self":[{"href":"https:\/\/www.lintelligentdabidjan.info\/news\/wp-json\/wp\/v2\/posts\/38481","targetHints":{"allow":["GET"]}}],"collection":[{"href":"https:\/\/www.lintelligentdabidjan.info\/news\/wp-json\/wp\/v2\/posts"}],"about":[{"href":"https:\/\/www.lintelligentdabidjan.info\/news\/wp-json\/wp\/v2\/types\/post"}],"author":[{"embeddable":true,"href":"https:\/\/www.lintelligentdabidjan.info\/news\/wp-json\/wp\/v2\/users\/4"}],"replies":[{"embeddable":true,"href":"https:\/\/www.lintelligentdabidjan.info\/news\/wp-json\/wp\/v2\/comments?post=38481"}],"version-history":[{"count":1,"href":"https:\/\/www.lintelligentdabidjan.info\/news\/wp-json\/wp\/v2\/posts\/38481\/revisions"}],"predecessor-version":[{"id":38483,"href":"https:\/\/www.lintelligentdabidjan.info\/news\/wp-json\/wp\/v2\/posts\/38481\/revisions\/38483"}],"wp:featuredmedia":[{"embeddable":true,"href":"https:\/\/www.lintelligentdabidjan.info\/news\/wp-json\/wp\/v2\/media\/38482"}],"wp:attachment":[{"href":"https:\/\/www.lintelligentdabidjan.info\/news\/wp-json\/wp\/v2\/media?parent=38481"}],"wp:term":[{"taxonomy":"category","embeddable":true,"href":"https:\/\/www.lintelligentdabidjan.info\/news\/wp-json\/wp\/v2\/categories?post=38481"},{"taxonomy":"post_tag","embeddable":true,"href":"https:\/\/www.lintelligentdabidjan.info\/news\/wp-json\/wp\/v2\/tags?post=38481"}],"curies":[{"name":"wp","href":"https:\/\/api.w.org\/{rel}","templated":true}]}}