{"id":38484,"date":"2025-06-02T03:47:49","date_gmt":"2025-06-02T01:47:49","guid":{"rendered":"https:\/\/www.lintelligentdabidjan.info\/news\/?p=38484"},"modified":"2025-06-02T03:48:16","modified_gmt":"2025-06-02T01:48:16","slug":"lintelligent-en-pdf-tradition-agricole-modernite-durable-souverainete-et-intelligence-artificielle-des-projets-des-jeunes-des-milliards-au-sara-2025","status":"publish","type":"post","link":"https:\/\/www.lintelligentdabidjan.info\/news\/lintelligent-en-pdf-tradition-agricole-modernite-durable-souverainete-et-intelligence-artificielle-des-projets-des-jeunes-des-milliards-au-sara-2025\/","title":{"rendered":"L\u2019Intelligent en PDF : Tradition agricole, modernit\u00e9 durable, souverainet\u00e9 et intelligence artificielle     Des projets, des jeunes, des milliards au Sara 2025"},"content":{"rendered":"<p><strong>L\u2019\u00e9dition 2025 du Salon international de l\u2019agriculture et des ressources animales d\u2019Abidjan (SARA) a pris fin ce dimanche 1er juin 2025, 24 heures apr\u00e8s la c\u00e9r\u00e9monie officielle de cl\u00f4ture par le chef du gouvernement Robert Beugr\u00e9 Mamb\u00e9, qui \u00e9tait d\u00e9j\u00e0 pr\u00e9sent le 23 mai 2025, au Parc des expositions de Port-Bou\u00ebt, lors de la c\u00e9r\u00e9monie d\u2019ouverture.<\/strong><\/p>\n<p>Ivoiriens et non ivoiriens, autour des productions agricoles, se sont mobilis\u00e9s pour cet \u00e9v\u00e9nement d\u2019envergure. Les plus hautes personnalit\u00e9s de l\u2019\u00c9tat, tout comme les populations vivant en C\u00f4te d\u2019Ivoire, ont marqu\u00e9 leur pr\u00e9sence au SARA. Les temps forts d\u2019une c\u00e9r\u00e9monie \u00e0 travers notre s\u00e9lection. L\u2019acc\u00e8s diiffile au Parc des Expositions, n\u2019a pas entrav\u00e9 la mobilisation des populations, m\u00eame si elles ont \u00e9mis le souhait de voir des solutions \u00e9merger en faveur d\u2019une plus grande fluidit\u00e9 de la circulation. Cela augmentera \u00e0 coup s\u00fbr le nombre de visiteurs, ont plaid\u00e9 des visiteurs.<\/p>\n<p>La suite \u00e0 d\u00e9couvrir dans vos kiosques et en ligne sur\u2026<\/p>\n<p><a href=\"https:\/\/news.abidjan.net\/titrologie\/39-lintelligent-dabidjan\/articles\" target=\"_blank\">https:\/\/news.abidjan.net\/titrologie\/39-lintelligent-dabidjan\/articles<\/a><\/p>\n<p>\u00c0 lire aussi les \u00e9chos des Pr\u00e9-congr\u00e8s Rhdp , Huit rois,Beugr\u00e9 Mamb\u00e9 et messages forts \u00e0 Adiak\u00e9 au \u00cal\u00ea Festival 2025 , Dominique Ouattara lance l&#8217;excellence et c\u00e9l\u00e8bre les m\u00e8res \u00e0 Sin\u00e9matiali, Pr Henri Di\u00e9-Kacou explique la z\u00e9ro cotisation au niveau de la pCouverture maladie Universelle, La fraternit\u00e9 en marche entre Bouak\u00e9-Ziguinchor .<\/p>\n<p>Cliquez pour les d\u00e9tails<\/p>\n<p><a href=\"https:\/\/www.afrikipresse.fr\/abonnement\" target=\"_blank\">https:\/\/www.afrikipresse.fr\/abonnement<\/a><\/p>\n<p>\u00c0 voir \u00e9galement la chronique Victoire historique du PSG : N\u2019oublions pas Mbapp\u00e9, Messi, Ronaldinho, Pauleta, Cavani, Neymar, Thiago Silva, ou encore Zlatan et le d\u00e9c\u00e8s du d\u00e9put\u00e9 Zoumana Bakayoko dit Zoum Bak .<\/p>\n<p><a href=\"https:\/\/www.pressecotedivoire.fr\/titrologie\" target=\"_blank\">https:\/\/www.pressecotedivoire.fr\/titrologie<\/a><\/p>\n","protected":false},"excerpt":{"rendered":"<p>L\u2019\u00e9dition 2025 du Salon international de l\u2019agriculture et des ressources animales d\u2019Abidjan (SARA) a pris fin ce dimanche 1er juin 2025, 24 heures apr\u00e8s la c\u00e9r\u00e9monie officielle de cl\u00f4ture par le chef du gouvernement Robert Beugr\u00e9 Mamb\u00e9, qui \u00e9tait d\u00e9j\u00e0 pr\u00e9sent le 23 mai 2025, au Parc des expositions de Port-Bou\u00ebt, lors de la c\u00e9r\u00e9monie [&hellip;]<\/p>\n","protected":false},"author":4,"featured_media":38485,"comment_status":"closed","ping_status":"closed","sticky":false,"template":"","format":"standard","meta":{"_monsterinsights_skip_tracking":false,"_monsterinsights_sitenote_active":false,"_monsterinsights_sitenote_note":"","_monsterinsights_sitenote_category":0,"footnotes":""},"categories":[2,3],"tags":[],"class_list":["post-38484","post","type-post","status-publish","format-standard","has-post-thumbnail","hentry","category-featured","category-societe"],"_links":{"self":[{"href":"https:\/\/www.lintelligentdabidjan.info\/news\/wp-json\/wp\/v2\/posts\/38484","targetHints":{"allow":["GET"]}}],"collection":[{"href":"https:\/\/www.lintelligentdabidjan.info\/news\/wp-json\/wp\/v2\/posts"}],"about":[{"href":"https:\/\/www.lintelligentdabidjan.info\/news\/wp-json\/wp\/v2\/types\/post"}],"author":[{"embeddable":true,"href":"https:\/\/www.lintelligentdabidjan.info\/news\/wp-json\/wp\/v2\/users\/4"}],"replies":[{"embeddable":true,"href":"https:\/\/www.lintelligentdabidjan.info\/news\/wp-json\/wp\/v2\/comments?post=38484"}],"version-history":[{"count":1,"href":"https:\/\/www.lintelligentdabidjan.info\/news\/wp-json\/wp\/v2\/posts\/38484\/revisions"}],"predecessor-version":[{"id":38486,"href":"https:\/\/www.lintelligentdabidjan.info\/news\/wp-json\/wp\/v2\/posts\/38484\/revisions\/38486"}],"wp:featuredmedia":[{"embeddable":true,"href":"https:\/\/www.lintelligentdabidjan.info\/news\/wp-json\/wp\/v2\/media\/38485"}],"wp:attachment":[{"href":"https:\/\/www.lintelligentdabidjan.info\/news\/wp-json\/wp\/v2\/media?parent=38484"}],"wp:term":[{"taxonomy":"category","embeddable":true,"href":"https:\/\/www.lintelligentdabidjan.info\/news\/wp-json\/wp\/v2\/categories?post=38484"},{"taxonomy":"post_tag","embeddable":true,"href":"https:\/\/www.lintelligentdabidjan.info\/news\/wp-json\/wp\/v2\/tags?post=38484"}],"curies":[{"name":"wp","href":"https:\/\/api.w.org\/{rel}","templated":true}]}}