{"id":38490,"date":"2025-06-03T03:05:06","date_gmt":"2025-06-03T01:05:06","guid":{"rendered":"https:\/\/www.lintelligentdabidjan.info\/news\/?p=38490"},"modified":"2025-06-03T03:05:06","modified_gmt":"2025-06-03T01:05:06","slug":"inauguration-du-tribunal-dabobo-beugre-mambe-cest-un-acte-de-foi-dans-la-justice-et-letat-de-droit","status":"publish","type":"post","link":"https:\/\/www.lintelligentdabidjan.info\/news\/inauguration-du-tribunal-dabobo-beugre-mambe-cest-un-acte-de-foi-dans-la-justice-et-letat-de-droit\/","title":{"rendered":"Inauguration du Tribunal d&#8217;Abobo- Beugr\u00e9 Mamb\u00e9 : &#8220;C&#8217;est un acte de foi dans la Justice et l&#8217;\u00c9tat de droit&#8221;"},"content":{"rendered":"<p><strong>L\u2019inauguration du Tribunal de premi\u00e8re instance dans la commune d\u2019Abobo repr\u00e9sente un acte de foi dans la Justice et l\u2019\u00c9tat de droit, selon le Premier ministre Robert Beugr\u00e9 Mamb\u00e9.<\/strong><\/p>\n<p>Le Tribunal de premi\u00e8re instance d\u2019Abobo a \u00e9t\u00e9 officiellement mis en service le lundi 2 juin 2025 par le Premier ministre Robert Beugr\u00e9 Mamb\u00e9, chef du gouvernement ivoirien, ministre des Sports et du Cadre de vie.<\/p>\n<p>En pr\u00e9sence de Kandia Camara, pr\u00e9sidente du S\u00e9nat et maire de la commune d\u2019Abobo, Robert Beugr\u00e9 Mamb\u00e9 a salu\u00e9 la vision strat\u00e9gique du pr\u00e9sident Alassane Ouattara :<\/p>\n<p>&#8220;Le Tribunal de premi\u00e8re Instance d\u2019Abobo est une infrastructure d\u2019envergure. Ce Tribunal flambant neuf est con\u00e7u pour accueillir chaque ann\u00e9e, des milliers de justiciables, dans des conditions de dignit\u00e9, de s\u00e9curit\u00e9 et d&#8217;efficacit\u00e9. Sa r\u00e9alisation a \u00e9t\u00e9 enti\u00e8rement financ\u00e9e par le Budget de l&#8217;\u00c9tat pour un montant global de 16,63 milliards de FCFA. Au-del\u00e0 de la partie mat\u00e9rielle de ce tribunal, c\u2019est la vision strat\u00e9gique du Pr\u00e9sident de la R\u00e9publique, Son Excellence Monsieur Alassane OUATTARA qui se concr\u00e9tise et que nous c\u00e9l\u00e9brons aujourd\u2019hui. Nous c\u00e9l\u00e9brons une C\u00f4te d\u2019Ivoire puissante par la consolidation de ses Institutions, garantes de l\u2019ordre et de la stabilit\u00e9, par l&#8217;affirmation d&#8217;une Justice \u00e9quitable fond\u00e9e sur l&#8217;\u00e9galit\u00e9 pour tous (&#8230;) C&#8217;est un acte de foi dans la Justice et l&#8217;\u00c9tat de droit, c\u2019est \u00e9galement une r\u00e9ponse concr\u00e8te \u00e0 une attente forte des populations.&#8221;<\/p>\n<p>Le chef du gouvernement a exhort\u00e9 les populations \u00e0 l\u2019entretien de ce tribunal, dont les travaux de construction ont d\u00e9but\u00e9 en 2008.<\/p>\n<p>Le Garde des Sceaux, ministre de la Justice et des Droits de l\u2019Homme, Jean Sansan Kambil\u00e9, a rendu hommage au pr\u00e9sident Alassane Ouattara, gr\u00e2ce \u00e0 qui la C\u00f4te d\u2019Ivoire progresse dans la construction d\u2019un \u00c9tat de droit fort, cr\u00e9dible, o\u00f9 la justice joue un r\u00f4le d\u00e9terminant.<\/p>\n<p><strong>41 tribunaux de premi\u00e8re instance<\/strong><\/p>\n<p>&#8220;Avec les Tribunaux de San-Pedro et de Bingerville ouverts r\u00e9cemment, le Tribunal d\u2019Abobo porte \u00e0 quarante et un (41) le nombre de Tribunaux de Premi\u00e8re Instance en activit\u00e9 sur l\u2019ensemble du territoire national. Le ressort territorial du Tribunal d\u2019Abobo couvre les communes d\u2019Abobo, d\u2019Anyama et d\u2019Al\u00e9p\u00e9. Ce ressort, dens\u00e9ment peupl\u00e9 et en forte croissance, n\u00e9cessitait, depuis plusieurs ann\u00e9es, une juridiction autonome, \u00e0 m\u00eame d\u2019absorber les flux judiciaires croissants et d\u2019offrir des services adapt\u00e9s aux r\u00e9alit\u00e9s locales&#8221;, a indiqu\u00e9 Sansan Kambil\u00e9.<\/p>\n<p>Le maire de la commune d\u2019Abobo, Kandia Camara a exprim\u00e9 sa joie et celle de ses administr\u00e9s, car ils n\u2019auront plus \u00e0 parcourir de longues distances pour la d\u00e9livrance d\u2019un document de justice.<\/p>\n<p><strong>Olivier Dion<\/strong><\/p>\n","protected":false},"excerpt":{"rendered":"<p>L\u2019inauguration du Tribunal de premi\u00e8re instance dans la commune d\u2019Abobo repr\u00e9sente un acte de foi dans la Justice et l\u2019\u00c9tat de droit, selon le Premier ministre Robert Beugr\u00e9 Mamb\u00e9. Le Tribunal de premi\u00e8re instance d\u2019Abobo a \u00e9t\u00e9 officiellement mis en service le lundi 2 juin 2025 par le Premier ministre Robert Beugr\u00e9 Mamb\u00e9, chef du [&hellip;]<\/p>\n","protected":false},"author":4,"featured_media":38491,"comment_status":"closed","ping_status":"closed","sticky":false,"template":"","format":"standard","meta":{"_monsterinsights_skip_tracking":false,"_monsterinsights_sitenote_active":false,"_monsterinsights_sitenote_note":"","_monsterinsights_sitenote_category":0,"footnotes":""},"categories":[2,3],"tags":[5311,177,5310,2902,5312],"class_list":["post-38490","post","type-post","status-publish","format-standard","has-post-thumbnail","hentry","category-featured","category-societe","tag-acte-de-foi","tag-beugre-mambe","tag-inauguration-du-tribunal-dabobo","tag-justice","tag-letat-de-droit"],"_links":{"self":[{"href":"https:\/\/www.lintelligentdabidjan.info\/news\/wp-json\/wp\/v2\/posts\/38490","targetHints":{"allow":["GET"]}}],"collection":[{"href":"https:\/\/www.lintelligentdabidjan.info\/news\/wp-json\/wp\/v2\/posts"}],"about":[{"href":"https:\/\/www.lintelligentdabidjan.info\/news\/wp-json\/wp\/v2\/types\/post"}],"author":[{"embeddable":true,"href":"https:\/\/www.lintelligentdabidjan.info\/news\/wp-json\/wp\/v2\/users\/4"}],"replies":[{"embeddable":true,"href":"https:\/\/www.lintelligentdabidjan.info\/news\/wp-json\/wp\/v2\/comments?post=38490"}],"version-history":[{"count":1,"href":"https:\/\/www.lintelligentdabidjan.info\/news\/wp-json\/wp\/v2\/posts\/38490\/revisions"}],"predecessor-version":[{"id":38492,"href":"https:\/\/www.lintelligentdabidjan.info\/news\/wp-json\/wp\/v2\/posts\/38490\/revisions\/38492"}],"wp:featuredmedia":[{"embeddable":true,"href":"https:\/\/www.lintelligentdabidjan.info\/news\/wp-json\/wp\/v2\/media\/38491"}],"wp:attachment":[{"href":"https:\/\/www.lintelligentdabidjan.info\/news\/wp-json\/wp\/v2\/media?parent=38490"}],"wp:term":[{"taxonomy":"category","embeddable":true,"href":"https:\/\/www.lintelligentdabidjan.info\/news\/wp-json\/wp\/v2\/categories?post=38490"},{"taxonomy":"post_tag","embeddable":true,"href":"https:\/\/www.lintelligentdabidjan.info\/news\/wp-json\/wp\/v2\/tags?post=38490"}],"curies":[{"name":"wp","href":"https:\/\/api.w.org\/{rel}","templated":true}]}}