{"id":38505,"date":"2025-06-03T03:23:47","date_gmt":"2025-06-03T01:23:47","guid":{"rendered":"https:\/\/www.lintelligentdabidjan.info\/news\/?p=38505"},"modified":"2025-06-03T03:23:47","modified_gmt":"2025-06-03T01:23:47","slug":"bouake-la-structure-format-service-initie-les-etudiants-a-la-photographie","status":"publish","type":"post","link":"https:\/\/www.lintelligentdabidjan.info\/news\/bouake-la-structure-format-service-initie-les-etudiants-a-la-photographie\/","title":{"rendered":"Bouak\u00e9 :   La structure Format-Service initie les \u00e9tudiants \u00e0 la photographie"},"content":{"rendered":"<p><strong>La structure Format-Service a lanc\u00e9, ce vendredi 30 mai 2025, la premi\u00e8re \u00e9dition de sa formation en photographie \u00e0 l\u2019intention des \u00e9tudiants. L\u2019initiative, qui s\u2019inscrit dans le cadre de son programme annuel de renforcement des capacit\u00e9s, s\u2019est tenue sur le campus 2 de l\u2019Universit\u00e9 Alassane Ouattara. Une vingtaine d\u2019\u00e9tudiants, passionn\u00e9s par l\u2019image et d\u00e9sireux d\u2019acqu\u00e9rir des comp\u00e9tences de base en photographie, ont r\u00e9pondu \u00e0 l\u2019appel.<\/strong><\/p>\n<p>Plac\u00e9e sous le th\u00e8me \u00ab Ma\u00eetriser les r\u00e9glages de son appareil photo pour r\u00e9aliser un meilleur reportage \u00bb, cette premi\u00e8re session visait \u00e0 introduire les participants aux fondamentaux techniques de la photographie, un domaine en plein essor aupr\u00e8s de la jeunesse.<\/p>\n<p>Pour Coulibaly Nambac\u00e9r\u00e9 Jo\u00ebl, responsable de Format-Service, cette incursion dans le domaine de la photographie repr\u00e9sente une \u00e9volution significative pour sa structure, jusque-l\u00e0 connue pour ses formations en journalisme.<\/p>\n<p>\u00ab Apr\u00e8s trois \u00e9ditions consacr\u00e9es au journalisme, nous avons d\u00e9cid\u00e9 d\u2019innover. Comme annonc\u00e9 lors de la derni\u00e8re \u00e9dition, il \u00e9tait temps d\u2019ouvrir notre programme \u00e0 la photographie, un domaine qui suscite un r\u00e9el engouement chez les jeunes. Nous voulons leur offrir une premi\u00e8re opportunit\u00e9 d\u2019apprentissage, \u00bb a-t-il expliqu\u00e9.<\/p>\n<p>Il a par ailleurs soulign\u00e9 que cette premi\u00e8re session ne constitue qu\u2019un aper\u00e7u. \u00ab Nous avons abord\u00e9 les notions de base durant une demi-journ\u00e9e. L\u2019ann\u00e9e prochaine, nous comptons organiser une \u00e9dition plus \u00e9toff\u00e9e sur deux jours, afin de permettre aux participants d\u2019approfondir leurs connaissances par la pratique. Les jeunes n\u2019ont pas seulement besoin de th\u00e9orie, ils ont surtout besoin d\u2019exp\u00e9rimenter. \u00bb<\/p>\n<p>La formation a \u00e9t\u00e9 anim\u00e9e par Adams Kon\u00e9, alias Taleeb, journaliste et photographe professionnel. Il a instruit les \u00e9tudiants sur les principaux r\u00e9glages techniques d\u2019un appareil photo, notamment l\u2019ISO, l\u2019ouverture, la lumi\u00e8re et le temps d\u2019exposition.<\/p>\n<p> \u00ab La photographie, c\u2019est avant tout une passion. Il faut en avoir l\u2019amour pour progresser. Quand on comprend les bases techniques et qu\u2019on pers\u00e9v\u00e8re, m\u00eame sans moyens, on peut devenir un excellent photographe \u00bb, a-t-il encourag\u00e9.<\/p>\n<p>Il a \u00e9galement prodigu\u00e9 des conseils pratiques, insistant sur la n\u00e9cessit\u00e9 de se rapprocher des professionnels pour apprendre, m\u00eame avec un \u00e9quipement limit\u00e9.<\/p>\n<p><strong>Une formation bien accueillie par les \u00e9tudiants<\/strong><\/p>\n<p>\u00c0 l\u2019issue de la session, les participants ont exprim\u00e9 leur satisfaction. Pour Diarrassouba Siaka, \u00e9tudiant au d\u00e9partement d\u2019anglais, cette initiative est la bienvenue.<\/p>\n<p>\u00ab J\u2019ai appris beaucoup durant cette formation. F\u00e9licitations \u00e0 Format-Service pour cette initiative noble \u00e0 l\u2019attention des \u00e9tudiants. J\u2019esp\u00e8re que d\u2019autres \u00e9ditions seront organis\u00e9es afin que mes camarades puissent \u00e9galement en b\u00e9n\u00e9ficier \u00bb, a-t-il confi\u00e9.<\/p>\n<p>Avec cette premi\u00e8re \u00e9dition r\u00e9ussie, Format-Service confirme sa volont\u00e9 de contribuer \u00e0 l\u2019\u00e9mergence d\u2019une nouvelle g\u00e9n\u00e9ration de jeunes reporters et photographes form\u00e9s aux r\u00e9alit\u00e9s du terrain. Selon les organisateurs, le Rendez-vous est pris pour la deuxi\u00e8me \u00e9dition 2026 encore plus ambitieuse.<\/p>\n<p><strong>Nambac\u00e9r\u00e9 Jo\u00ebl <\/strong><\/p>\n","protected":false},"excerpt":{"rendered":"<p>La structure Format-Service a lanc\u00e9, ce vendredi 30 mai 2025, la premi\u00e8re \u00e9dition de sa formation en photographie \u00e0 l\u2019intention des \u00e9tudiants. L\u2019initiative, qui s\u2019inscrit dans le cadre de son programme annuel de renforcement des capacit\u00e9s, s\u2019est tenue sur le campus 2 de l\u2019Universit\u00e9 Alassane Ouattara. Une vingtaine d\u2019\u00e9tudiants, passionn\u00e9s par l\u2019image et d\u00e9sireux d\u2019acqu\u00e9rir [&hellip;]<\/p>\n","protected":false},"author":4,"featured_media":38506,"comment_status":"closed","ping_status":"closed","sticky":false,"template":"","format":"standard","meta":{"_monsterinsights_skip_tracking":false,"_monsterinsights_sitenote_active":false,"_monsterinsights_sitenote_note":"","_monsterinsights_sitenote_category":0,"footnotes":""},"categories":[2,3],"tags":[125,598,5320,5321],"class_list":["post-38505","post","type-post","status-publish","format-standard","has-post-thumbnail","hentry","category-featured","category-societe","tag-bouake","tag-etudiants","tag-la-structure-format-service","tag-photographie"],"_links":{"self":[{"href":"https:\/\/www.lintelligentdabidjan.info\/news\/wp-json\/wp\/v2\/posts\/38505","targetHints":{"allow":["GET"]}}],"collection":[{"href":"https:\/\/www.lintelligentdabidjan.info\/news\/wp-json\/wp\/v2\/posts"}],"about":[{"href":"https:\/\/www.lintelligentdabidjan.info\/news\/wp-json\/wp\/v2\/types\/post"}],"author":[{"embeddable":true,"href":"https:\/\/www.lintelligentdabidjan.info\/news\/wp-json\/wp\/v2\/users\/4"}],"replies":[{"embeddable":true,"href":"https:\/\/www.lintelligentdabidjan.info\/news\/wp-json\/wp\/v2\/comments?post=38505"}],"version-history":[{"count":1,"href":"https:\/\/www.lintelligentdabidjan.info\/news\/wp-json\/wp\/v2\/posts\/38505\/revisions"}],"predecessor-version":[{"id":38507,"href":"https:\/\/www.lintelligentdabidjan.info\/news\/wp-json\/wp\/v2\/posts\/38505\/revisions\/38507"}],"wp:featuredmedia":[{"embeddable":true,"href":"https:\/\/www.lintelligentdabidjan.info\/news\/wp-json\/wp\/v2\/media\/38506"}],"wp:attachment":[{"href":"https:\/\/www.lintelligentdabidjan.info\/news\/wp-json\/wp\/v2\/media?parent=38505"}],"wp:term":[{"taxonomy":"category","embeddable":true,"href":"https:\/\/www.lintelligentdabidjan.info\/news\/wp-json\/wp\/v2\/categories?post=38505"},{"taxonomy":"post_tag","embeddable":true,"href":"https:\/\/www.lintelligentdabidjan.info\/news\/wp-json\/wp\/v2\/tags?post=38505"}],"curies":[{"name":"wp","href":"https:\/\/api.w.org\/{rel}","templated":true}]}}