{"id":38523,"date":"2025-06-03T03:43:44","date_gmt":"2025-06-03T01:43:44","guid":{"rendered":"https:\/\/www.lintelligentdabidjan.info\/news\/?p=38523"},"modified":"2025-06-03T03:43:44","modified_gmt":"2025-06-03T01:43:44","slug":"lintelligent-en-pdf-liste-electorale-definitive-lheure-de-verite-demain-1960-2025-lhistoire-secrete-du-fichier-electoral","status":"publish","type":"post","link":"https:\/\/www.lintelligentdabidjan.info\/news\/lintelligent-en-pdf-liste-electorale-definitive-lheure-de-verite-demain-1960-2025-lhistoire-secrete-du-fichier-electoral\/","title":{"rendered":"L\u2019Intelligent en PDF :     Liste \u00e9lectorale d\u00e9finitive : l&#8217;heure de v\u00e9rit\u00e9 demain    1960-2025 : l\u2019histoire  secr\u00e8te du fichier \u00e9lectoral"},"content":{"rendered":"<p><strong>Lors d\u2019une conf\u00e9rence de presse tenue au si\u00e8ge de l\u2019institution le lundi 2 juin 2025 , le pr\u00e9sident de la CEI, Ibrahime Coulibaly-Kuibiert, a pr\u00e9sent\u00e9 les prochaines \u00e9tapes des pr\u00e9paratifs de l\u2019\u00e9lection pr\u00e9sidentielle. Il a indiqu\u00e9 \u00e0 cette occasion que la liste \u00e9lectorale d\u00e9finitive sera consultable \u00e0 partir du mercredi 04 juin 2025. Quelle est la d\u00e9claration faite par Ibrahime Coulibaly-Kuibiert ?<\/strong><\/p>\n<p>Article \u00e0 d\u00e9couvrir dans vos kiosques et en ligne sur\u2026<\/p>\n<p><a href=\"https:\/\/news.abidjan.net\/titrologie\/39-lintelligent-dabidjan\/articles\" target=\"_blank\">https:\/\/news.abidjan.net\/titrologie\/39-lintelligent-dabidjan\/articles<\/a><\/p>\n<p>\u00c0 lire aussi les \u00e9chos des pr\u00e9-congr\u00e8s du Rhdp dans l\u2019Agn\u00e9by-Tiassa , Haut-Sassandra, Marahou\u00e9 B\u00e9lier, Gb\u00eak\u00ea et N\u2019Zi<\/p>\n<p>Cliquez pour les d\u00e9tails<\/p>\n<p><a href=\"https:\/\/www.afrikipresse.fr\/abonnement\" target=\"_blank\">https:\/\/www.afrikipresse.fr\/abonnement<\/a><\/p>\n<p>\u00c0 voir \u00e9galement Ouloto d\u00e9fend les femmes et la d\u00e9mocratie ivoirienne.<\/p>\n<p><a href=\"https:\/\/www.pressecotedivoire.fr\/titrologie\" target=\"_blank\">https:\/\/www.pressecotedivoire.fr\/titrologie<\/a><\/p>\n","protected":false},"excerpt":{"rendered":"<p>Lors d\u2019une conf\u00e9rence de presse tenue au si\u00e8ge de l\u2019institution le lundi 2 juin 2025 , le pr\u00e9sident de la CEI, Ibrahime Coulibaly-Kuibiert, a pr\u00e9sent\u00e9 les prochaines \u00e9tapes des pr\u00e9paratifs de l\u2019\u00e9lection pr\u00e9sidentielle. Il a indiqu\u00e9 \u00e0 cette occasion que la liste \u00e9lectorale d\u00e9finitive sera consultable \u00e0 partir du mercredi 04 juin 2025. Quelle est [&hellip;]<\/p>\n","protected":false},"author":4,"featured_media":38524,"comment_status":"closed","ping_status":"closed","sticky":false,"template":"","format":"standard","meta":{"_monsterinsights_skip_tracking":false,"_monsterinsights_sitenote_active":false,"_monsterinsights_sitenote_note":"","_monsterinsights_sitenote_category":0,"footnotes":""},"categories":[2,3],"tags":[],"class_list":["post-38523","post","type-post","status-publish","format-standard","has-post-thumbnail","hentry","category-featured","category-societe"],"_links":{"self":[{"href":"https:\/\/www.lintelligentdabidjan.info\/news\/wp-json\/wp\/v2\/posts\/38523","targetHints":{"allow":["GET"]}}],"collection":[{"href":"https:\/\/www.lintelligentdabidjan.info\/news\/wp-json\/wp\/v2\/posts"}],"about":[{"href":"https:\/\/www.lintelligentdabidjan.info\/news\/wp-json\/wp\/v2\/types\/post"}],"author":[{"embeddable":true,"href":"https:\/\/www.lintelligentdabidjan.info\/news\/wp-json\/wp\/v2\/users\/4"}],"replies":[{"embeddable":true,"href":"https:\/\/www.lintelligentdabidjan.info\/news\/wp-json\/wp\/v2\/comments?post=38523"}],"version-history":[{"count":1,"href":"https:\/\/www.lintelligentdabidjan.info\/news\/wp-json\/wp\/v2\/posts\/38523\/revisions"}],"predecessor-version":[{"id":38525,"href":"https:\/\/www.lintelligentdabidjan.info\/news\/wp-json\/wp\/v2\/posts\/38523\/revisions\/38525"}],"wp:featuredmedia":[{"embeddable":true,"href":"https:\/\/www.lintelligentdabidjan.info\/news\/wp-json\/wp\/v2\/media\/38524"}],"wp:attachment":[{"href":"https:\/\/www.lintelligentdabidjan.info\/news\/wp-json\/wp\/v2\/media?parent=38523"}],"wp:term":[{"taxonomy":"category","embeddable":true,"href":"https:\/\/www.lintelligentdabidjan.info\/news\/wp-json\/wp\/v2\/categories?post=38523"},{"taxonomy":"post_tag","embeddable":true,"href":"https:\/\/www.lintelligentdabidjan.info\/news\/wp-json\/wp\/v2\/tags?post=38523"}],"curies":[{"name":"wp","href":"https:\/\/api.w.org\/{rel}","templated":true}]}}