{"id":38531,"date":"2025-06-04T07:05:42","date_gmt":"2025-06-04T05:05:42","guid":{"rendered":"https:\/\/www.lintelligentdabidjan.info\/news\/?p=38531"},"modified":"2025-06-04T07:05:42","modified_gmt":"2025-06-04T05:05:42","slug":"fete-des-meres-2025-a-dabou-les-amazones-internationales-rendent-hommage-aux-femmes","status":"publish","type":"post","link":"https:\/\/www.lintelligentdabidjan.info\/news\/fete-des-meres-2025-a-dabou-les-amazones-internationales-rendent-hommage-aux-femmes\/","title":{"rendered":"F\u00eate des M\u00e8res 2025 \u00e0 Dabou-   Les Amazones Internationales rendent hommage  aux femmes"},"content":{"rendered":"<p><em><strong>Le samedi 31 mai 2025 a eu lieu  l\u2019\u00e9dition 2025 de la F\u00eate des M\u00e8res, organis\u00e9e par Les Amazones Internationales de C\u00f4te d\u2019Ivoire (AICI), en collaboration avec Les Femmes Vaillantes de la C\u00f4ti\u00e8re, dirig\u00e9es par Hadja Awa Kon\u00e9.<\/strong><\/em><\/p>\n<p>La place B\u00e9di\u00e9 de Dabou a rassembl\u00e9 une foule nombreuse venue honorer les m\u00e8res, dans toute leur diversit\u00e9. L\u2019\u00e9v\u00e9nement a \u00e9t\u00e9 ponctu\u00e9 d\u2019activit\u00e9s festives, culturelles et solidaires, traduisant l\u2019engagement des organisatrices \u00e0 rendre hommage \u00e0 celles qui donnent la vie et fa\u00e7onnent les g\u00e9n\u00e9rations.<\/p>\n<p><strong>Un hommage vibrant aux femmes, porteuses de vie<\/strong><\/p>\n<p>Plac\u00e9e sous le th\u00e8me \u00ab La femme et la vie \u00bb, cette c\u00e9l\u00e9bration a mis en lumi\u00e8re le r\u00f4le central de la femme dans la soci\u00e9t\u00e9, en tant que m\u00e8re et pilier de la cellule familiale. Dans son discours, la  pr\u00e9sidente  des Amazones Internationales Adja Diarrassouba a d\u00e9clar\u00e9 :<\/p>\n<p>\u00ab Devenir m\u00e8re, c\u2019est participer \u00e0 la nature divine en prolongeant l\u2019acte cr\u00e9ateur. \u00bb<\/p>\n<p>Elle a tenu \u00e0 adresser ses f\u00e9licitations \u00e0 toutes les m\u00e8res pr\u00e9sentes, pour leur amour, leur courage, leur patience et leur engagement constant aupr\u00e8s de leurs enfants :<\/p>\n<p> \u00ab Vous \u00eates les \u00e9lues de cette journ\u00e9e. Il est tout \u00e0 fait l\u00e9gitime qu\u2019un jour vous soit consacr\u00e9 pour c\u00e9l\u00e9brer votre d\u00e9vouement. \u00bb<\/p>\n<p><strong>Mariam Coulibaly, une marraine exemplaire mise \u00e0 l\u2019honneur<\/strong><\/p>\n<p>Adja Diarrassouba, a rendu un vibrant hommage \u00e0 la marraine de la c\u00e9r\u00e9monie, Mariam Coulibaly, salu\u00e9e comme une femme de valeur et de r\u00e9silience. Issue d\u2019un milieu modeste, priv\u00e9e d\u2019instruction scolaire, elle a entam\u00e9 sa vie active tr\u00e8s t\u00f4t, menant de petits commerces dans les gares et march\u00e9s d\u2019Agboville. Aujourd\u2019hui, elle est reconnue comme l\u2019une des op\u00e9ratrices \u00e9conomiques les plus influentes de la r\u00e9gion de l\u2019Agn\u00e9by-Tiassa, voire de toute la C\u00f4te d\u2019Ivoire.<\/p>\n<p>Fondatrice de l\u2019ONG AHIKA MOAY\u00c9, d\u00e9di\u00e9e aux orphelins, veuves et personnes d\u00e9munies, et cr\u00e9atrice de la f\u00e9d\u00e9ration Les \u00c9toiles Brillantes d\u2019Agboville, pour l\u2019autonomisation des femmes, Mariam Coulibaly incarne l\u2019altruisme, la solidarit\u00e9 et le leadership f\u00e9minin.<\/p>\n<p>\u00ab En acceptant de parrainer cette c\u00e9r\u00e9monie, vous avez, une fois de plus, montr\u00e9 votre attachement \u00e0 la cause des femmes et des plus vuln\u00e9rables. Que Dieu vous b\u00e9nisse abondamment \u00bb, a exprim\u00e9 Adja Diarassouba  .<\/p>\n<p>De son c\u00f4t\u00e9, la marraine s\u2019est dite honor\u00e9e d\u2019avoir \u00e9t\u00e9 choisie et a salu\u00e9 l\u2019initiative :<\/p>\n<p>\u00ab Merci de m\u2019avoir choisie comme marraine de cette belle c\u00e9r\u00e9monie d\u00e9di\u00e9e \u00e0 celles qui donnent la vie. Gr\u00e2ce \u00e0 ce r\u00f4le, vous, les Amazones, avez choisi d\u2019\u00eatre solidaires des veuves et des orphelins. Que Dieu vous garde unies pour continuer \u00e0 donner le sourire aux plus d\u00e9munis. \u00bb<\/p>\n<p><strong>Festivit\u00e9s et solidarit\u00e9 en action<\/strong><\/p>\n<p>La c\u00e9l\u00e9bration a \u00e9t\u00e9 anim\u00e9e par plusieurs activit\u00e9s. La veille, un match de football 100 % f\u00e9minin s\u2019est d\u00e9roul\u00e9 dans une ambiance conviviale, m\u00ealant sport et rires.<\/p>\n<p>Mais le temps fort de cette \u00e9dition fut sans conteste la remise de 250 kits de vivres et de non-vivres \u00e0 l\u2019endroit des veuves, orphelins, femmes \u00e2g\u00e9es et femmes en situation de pr\u00e9carit\u00e9. Un geste concret de solidarit\u00e9 destin\u00e9 \u00e0 \u00ab soulager, soutenir et mettre du baume au c\u0153ur \u00bb des b\u00e9n\u00e9ficiaires, dans un contexte \u00e9conomique difficile.<\/p>\n<p>Les organisatrices ont tenu \u00e0 rappeler que ce don est avant tout un geste d\u2019amour et de reconnaissance envers ces femmes courageuses, v\u00e9ritables piliers de la soci\u00e9t\u00e9.<\/p>\n<p><strong>Des institutions engag\u00e9es \u00e0 leurs c\u00f4t\u00e9s<\/strong><\/p>\n<p>La c\u00e9r\u00e9monie a \u00e9galement b\u00e9n\u00e9fici\u00e9 du soutien de plusieurs autorit\u00e9s locales et institutions r\u00e9gionales, notamment : La direction r\u00e9gionale du minist\u00e8re de la Femme, de la Famille et de l\u2019Enfant, la direction r\u00e9gionale des Sports des Grands Ponts, la mairie de Dabou, et plein d\u2019autres dont la pr\u00e9sence a contribu\u00e9 \u00e0 rehausser l\u2019\u00e9clat de cette c\u00e9l\u00e9bration.<\/p>\n<p><strong>Mamadou Ouattara, avec G\u00e9rard Batoua<\/strong><\/p>\n","protected":false},"excerpt":{"rendered":"<p>Le samedi 31 mai 2025 a eu lieu l\u2019\u00e9dition 2025 de la F\u00eate des M\u00e8res, organis\u00e9e par Les Amazones Internationales de C\u00f4te d\u2019Ivoire (AICI), en collaboration avec Les Femmes Vaillantes de la C\u00f4ti\u00e8re, dirig\u00e9es par Hadja Awa Kon\u00e9. La place B\u00e9di\u00e9 de Dabou a rassembl\u00e9 une foule nombreuse venue honorer les m\u00e8res, dans toute leur [&hellip;]<\/p>\n","protected":false},"author":4,"featured_media":38532,"comment_status":"closed","ping_status":"closed","sticky":false,"template":"","format":"standard","meta":{"_monsterinsights_skip_tracking":false,"_monsterinsights_sitenote_active":false,"_monsterinsights_sitenote_note":"","_monsterinsights_sitenote_category":0,"footnotes":""},"categories":[2,3],"tags":[5329,921,548,5328,715],"class_list":["post-38531","post","type-post","status-publish","format-standard","has-post-thumbnail","hentry","category-featured","category-societe","tag-amazones-internationales","tag-dabou","tag-femmes","tag-fete-des-meres-2025","tag-hommage"],"_links":{"self":[{"href":"https:\/\/www.lintelligentdabidjan.info\/news\/wp-json\/wp\/v2\/posts\/38531","targetHints":{"allow":["GET"]}}],"collection":[{"href":"https:\/\/www.lintelligentdabidjan.info\/news\/wp-json\/wp\/v2\/posts"}],"about":[{"href":"https:\/\/www.lintelligentdabidjan.info\/news\/wp-json\/wp\/v2\/types\/post"}],"author":[{"embeddable":true,"href":"https:\/\/www.lintelligentdabidjan.info\/news\/wp-json\/wp\/v2\/users\/4"}],"replies":[{"embeddable":true,"href":"https:\/\/www.lintelligentdabidjan.info\/news\/wp-json\/wp\/v2\/comments?post=38531"}],"version-history":[{"count":1,"href":"https:\/\/www.lintelligentdabidjan.info\/news\/wp-json\/wp\/v2\/posts\/38531\/revisions"}],"predecessor-version":[{"id":38533,"href":"https:\/\/www.lintelligentdabidjan.info\/news\/wp-json\/wp\/v2\/posts\/38531\/revisions\/38533"}],"wp:featuredmedia":[{"embeddable":true,"href":"https:\/\/www.lintelligentdabidjan.info\/news\/wp-json\/wp\/v2\/media\/38532"}],"wp:attachment":[{"href":"https:\/\/www.lintelligentdabidjan.info\/news\/wp-json\/wp\/v2\/media?parent=38531"}],"wp:term":[{"taxonomy":"category","embeddable":true,"href":"https:\/\/www.lintelligentdabidjan.info\/news\/wp-json\/wp\/v2\/categories?post=38531"},{"taxonomy":"post_tag","embeddable":true,"href":"https:\/\/www.lintelligentdabidjan.info\/news\/wp-json\/wp\/v2\/tags?post=38531"}],"curies":[{"name":"wp","href":"https:\/\/api.w.org\/{rel}","templated":true}]}}