{"id":38571,"date":"2025-06-05T09:53:15","date_gmt":"2025-06-05T07:53:15","guid":{"rendered":"https:\/\/www.lintelligentdabidjan.info\/news\/?p=38571"},"modified":"2025-06-05T09:55:01","modified_gmt":"2025-06-05T07:55:01","slug":"la-foret-du-banco-face-au-developpement-durable-une-menace-guette-le-poumon-vert-dabidjan","status":"publish","type":"post","link":"https:\/\/www.lintelligentdabidjan.info\/news\/la-foret-du-banco-face-au-developpement-durable-une-menace-guette-le-poumon-vert-dabidjan\/","title":{"rendered":"La for\u00eat du Banco face au d\u00e9veloppement durable-   Une menace guette le poumon vert d\u2019Abidjan"},"content":{"rendered":"<p><em><strong>Prot\u00e9g\u00e9 depuis 1953, \u00e0 l\u2019\u00e9poque coloniale, le Parc National du Banco (PNB) est l\u2019une des rares for\u00eats primaires naturelles en milieu urbain. Deuxi\u00e8me en son genre apr\u00e8s le parc national de Tijuca \u00e0 Rio de Janeiro (Br\u00e9sil), le Banco est un sanctuaire \u00e9cologique unique au c\u0153ur d\u2019Abidjan. Pourtant, ce poumon vert est aujourd\u2019hui gravement menac\u00e9 par la pression urbaine, les activit\u00e9s humaines et le manque de gouvernance \u00e9cologique int\u00e9gr\u00e9e.<\/strong><\/em><\/p>\n<p><strong>Une perte progressive du couvert forestier<\/strong><\/p>\n<p>Dans une capitale \u00e9conomique en perp\u00e9tuelle expansion, le PNB r\u00e9siste tant bien que mal \u00e0 l\u2019urbanisation galopante. D\u2019une superficie de plus de 3 000 hectares, il assure un r\u00f4le vital dans l\u2019\u00e9quilibre environnemental d\u2019Abidjan. Mais chaque ann\u00e9e, il perd en moyenne 1,07 hectare de sa couverture foresti\u00e8re, grignot\u00e9e par des quartiers pr\u00e9caires, des infrastructures routi\u00e8res, des activit\u00e9s industrielles informelles et des pollutions diverses.<\/p>\n<p>Selon les donn\u00e9es communiqu\u00e9es lors d\u2019un panel organis\u00e9 \u00e0 l\u2019ISTC de Cocody le 8 mai 2025, auquel ont particip\u00e9 Serge Alain Niango (\u00e9cologue), Dr Zi\u00e9 Coulibaly (Minist\u00e8re de la Culture) et le lieutenant-colonel des Eaux et For\u00eats Fousseni Coulibaly, la superficie du parc est pass\u00e9e de 3 132,35 ha en 2000 \u00e0 3 007,04 ha en 2019 \u2013 soit une perte de 4 %. Le couvert dense c\u00e8de peu \u00e0 peu la place \u00e0 des formations d\u00e9grad\u00e9es, reflet d\u2019un \u00e9cosyst\u00e8me perturb\u00e9 mais encore r\u00e9silient.<\/p>\n<p>L\u2019inventaire botanique r\u00e9alis\u00e9 sur 130 placettes et 30 relev\u00e9s lin\u00e9aires a recens\u00e9 556 esp\u00e8ces v\u00e9g\u00e9tales, dont 97 end\u00e9miques et 39 menac\u00e9es d\u2019extinction. Les familles Fabaceae, Rubiaceae et Apocynaceae dominent, avec des esp\u00e8ces embl\u00e9matiques comme Chrysophyllum subnudum, Turraeanthus africanus ou Piptadeniastrum africanum.<\/p>\n<p><strong>Urbanisation anarchique et pression anthropique<\/strong><\/p>\n<p>Le parc est encercl\u00e9 par les communes d\u2019Abobo, Adjam\u00e9, Yopougon et Att\u00e9coub\u00e9. Il subit une forte pression li\u00e9e aux installations industrielles, aux d\u00e9chets domestiques et \u00e0 l\u2019expansion de zones d\u2019habitation non planifi\u00e9es. Les images satellites analys\u00e9es entre 1955 et 1998 r\u00e9v\u00e8lent une r\u00e9gression de la for\u00eat de 5 462 ha \u00e0 3 450 ha. Ce recul dramatique est accentu\u00e9 par des revendications fonci\u00e8res dans les villages p\u00e9riph\u00e9riques comme Anonkoua Kout\u00e9, Sagb\u00e9, Agban-Atti\u00e9, Agban-Village et Andokoi.<\/p>\n<p>Le lieutenant-colonel Fousseni Coulibaly a \u00e9voqu\u00e9 lors du Banco Festival des pratiques ill\u00e9gales pr\u00e9occupantes : braconnage, collecte de plantes m\u00e9dicinales, coupes de bois, rituels et m\u00eame enterrements dans la for\u00eat.<\/p>\n<p><strong>Un atout strat\u00e9gique pour le d\u00e9veloppement durable<\/strong><\/p>\n<p>Malgr\u00e9 les menaces, le Parc National du Banco demeure un pilier de r\u00e9silience urbaine. Il joue un r\u00f4le fondamental dans :<\/p>\n<p>la r\u00e9gulation climatique (r\u00e9duction des \u00eelots de chaleur, purification de l\u2019air),la gestion de l\u2019eau (filtration des eaux de ruissellement), la s\u00e9questration du carbone (contribution \u00e0 l\u2019ODD 13),la conservation de la biodiversit\u00e9 (ODD 15), la r\u00e9duction des risques naturels (inondations, \u00e9rosion).<\/p>\n<p>Sa pr\u00e9servation est donc essentielle pour l\u2019avenir \u00e9cologique et sanitaire d\u2019Abidjan.<\/p>\n<p><strong>Quelle gouvernance pour sauver le Banco ?<\/strong><\/p>\n<p>Les experts appellent \u00e0 une gouvernance participative int\u00e9grant :les collectivit\u00e9s locales,les scientifiques, la soci\u00e9t\u00e9 civile, les jeunes g\u00e9n\u00e9rations.<\/p>\n<p>Ils recommandent le d\u00e9veloppement d\u2019infrastructures \u00e9cotouristiques, de programmes \u00e9ducatifs et de valorisation des savoirs locaux. Le Banco peut devenir un laboratoire d\u2019innovation sociale et environnementale, conciliant modernit\u00e9 et \u00e9cologie.<\/p>\n<p>Le Dr Zi\u00e9 Coulibaly a soulign\u00e9 l\u2019importance des connaissances traditionnelles et des expressions culturelles dans la pr\u00e9servation de la for\u00eat. Pour lui, les chants, danses, r\u00e9cits et artisanats permettent de reconnecter les citoyens \u00e0 la nature, en faisant du parc non seulement un espace \u00e9cologique, mais aussi un \u00e9l\u00e9ment fort de l\u2019identit\u00e9 culturelle ivoirienne. Pour Zi\u00e9 Coulibaly il faut une for\u00eat sacr\u00e9e pour un avenir durable. Et en sus pr\u00e9server le Parc National du Banco, c\u2019est faire le choix d\u2019une ville durable, o\u00f9 d\u00e9veloppement ne rime pas avec destruction. Le Banco doit devenir plus qu\u2019un espace vert : le symbole vivant d\u2019un Abidjan capable d\u2019allier croissance urbaine et respect de la nature.<\/p>\n<p><strong> Foums\u00e9k\u00e9 Coulibaly<\/strong><\/p>\n","protected":false},"excerpt":{"rendered":"<p>Prot\u00e9g\u00e9 depuis 1953, \u00e0 l\u2019\u00e9poque coloniale, le Parc National du Banco (PNB) est l\u2019une des rares for\u00eats primaires naturelles en milieu urbain. Deuxi\u00e8me en son genre apr\u00e8s le parc national de Tijuca \u00e0 Rio de Janeiro (Br\u00e9sil), le Banco est un sanctuaire \u00e9cologique unique au c\u0153ur d\u2019Abidjan. Pourtant, ce poumon vert est aujourd\u2019hui gravement menac\u00e9 [&hellip;]<\/p>\n","protected":false},"author":4,"featured_media":38572,"comment_status":"closed","ping_status":"closed","sticky":false,"template":"","format":"standard","meta":{"_monsterinsights_skip_tracking":false,"_monsterinsights_sitenote_active":false,"_monsterinsights_sitenote_note":"","_monsterinsights_sitenote_category":0,"footnotes":""},"categories":[2,3],"tags":[3809,5351,5352],"class_list":["post-38571","post","type-post","status-publish","format-standard","has-post-thumbnail","hentry","category-featured","category-societe","tag-developpement-durable","tag-la-foret-du-banco","tag-poumon-vert-dabidjan"],"_links":{"self":[{"href":"https:\/\/www.lintelligentdabidjan.info\/news\/wp-json\/wp\/v2\/posts\/38571","targetHints":{"allow":["GET"]}}],"collection":[{"href":"https:\/\/www.lintelligentdabidjan.info\/news\/wp-json\/wp\/v2\/posts"}],"about":[{"href":"https:\/\/www.lintelligentdabidjan.info\/news\/wp-json\/wp\/v2\/types\/post"}],"author":[{"embeddable":true,"href":"https:\/\/www.lintelligentdabidjan.info\/news\/wp-json\/wp\/v2\/users\/4"}],"replies":[{"embeddable":true,"href":"https:\/\/www.lintelligentdabidjan.info\/news\/wp-json\/wp\/v2\/comments?post=38571"}],"version-history":[{"count":1,"href":"https:\/\/www.lintelligentdabidjan.info\/news\/wp-json\/wp\/v2\/posts\/38571\/revisions"}],"predecessor-version":[{"id":38573,"href":"https:\/\/www.lintelligentdabidjan.info\/news\/wp-json\/wp\/v2\/posts\/38571\/revisions\/38573"}],"wp:featuredmedia":[{"embeddable":true,"href":"https:\/\/www.lintelligentdabidjan.info\/news\/wp-json\/wp\/v2\/media\/38572"}],"wp:attachment":[{"href":"https:\/\/www.lintelligentdabidjan.info\/news\/wp-json\/wp\/v2\/media?parent=38571"}],"wp:term":[{"taxonomy":"category","embeddable":true,"href":"https:\/\/www.lintelligentdabidjan.info\/news\/wp-json\/wp\/v2\/categories?post=38571"},{"taxonomy":"post_tag","embeddable":true,"href":"https:\/\/www.lintelligentdabidjan.info\/news\/wp-json\/wp\/v2\/tags?post=38571"}],"curies":[{"name":"wp","href":"https:\/\/api.w.org\/{rel}","templated":true}]}}