{"id":38580,"date":"2025-06-05T10:13:23","date_gmt":"2025-06-05T08:13:23","guid":{"rendered":"https:\/\/www.lintelligentdabidjan.info\/news\/?p=38580"},"modified":"2025-06-05T10:13:53","modified_gmt":"2025-06-05T08:13:53","slug":"tabaski-2025-a-yamoussoukro-augustin-thiam-fait-don-de-beliers-a-des-familles","status":"publish","type":"post","link":"https:\/\/www.lintelligentdabidjan.info\/news\/tabaski-2025-a-yamoussoukro-augustin-thiam-fait-don-de-beliers-a-des-familles\/","title":{"rendered":"Tabaski 2025 \u00e0 Yamoussoukro &#8211;  Augustin Thiam fait don de b\u00e9liers \u00e0 des familles"},"content":{"rendered":"<p><em><strong>Le ministre, gouverneur du district autonome de Yamoussoukro, Augustin Thiam, a t\u00e9moign\u00e9 sa solidarit\u00e9 \u00e0 l\u2019\u00e9gard de la communaut\u00e9 musulmane des quatre  sous-pr\u00e9fectures qui composent le District Autonome de Yamoussoukro,  \u00e0 l\u2019occasion de la f\u00eate de la Tabaski, c\u00e9l\u00e9br\u00e9e le vendredi 6 juin 2025. <\/strong><\/em><\/p>\n<p>Au total, 80 b\u00e9liers ont \u00e9t\u00e9 offerts \u00e0 des familles musulmanes d\u00e9munies afin de leur permettre de c\u00e9l\u00e9brer l\u2019A\u00efd-el-K\u00e9bir dans la dignit\u00e9 et la joie. C\u2019est Kouassi Koffi Augustin F\u00e9lix, 5e vice-gouverneur, \u00e0 la t\u00eate d\u2019une d\u00e9l\u00e9gation du district, qui a proc\u00e9d\u00e9 \u00e0 la remise symbolique des dons. Un premier b\u00e9lier a \u00e9t\u00e9 remis \u00e0 l\u2019imam principal de la Grande Mosqu\u00e9e centrale de Yamoussoukro,  Seydou Sylla, tandis que les 79 autres ont \u00e9t\u00e9 remis  aux b\u00e9n\u00e9ficiaires au domicile du chef central de la communaut\u00e9 malink\u00e9 de la ville.<\/p>\n<p><strong>Un geste de solidarit\u00e9 et un appel \u00e0 la paix<\/strong><\/p>\n<p>Dans son adresse, le vice-gouverneur Kouassi Koffi Augustin F\u00e9lix a transmis le message du ministre, gouverneur : \u00ab Comme chaque ann\u00e9e, le ministre, gouverneur nous a mandat\u00e9s pour offrir ces b\u00e9liers \u00e0 nos fr\u00e8res musulmans. Il nous demande \u00e9galement de solliciter, \u00e0 travers vous, des pri\u00e8res pour le pr\u00e9sident de la R\u00e9publique, Alassane Ouattara, pour le gouvernement, pour la C\u00f4te d&#8217;Ivoire et pour les habitants du district. Il souhaite que les \u00e9lections pr\u00e9sidentielles de 2025 se d\u00e9roulent dans la paix, la coh\u00e9sion et la tranquillit\u00e9. \u00bb<\/p>\n<p><strong>Une reconnaissance unanime de la communaut\u00e9 musulmane<\/strong><\/p>\n<p>Touch\u00e9,  \u00e0 l&#8217;instar du chef des malink\u00e9, l\u2019imam Seydou Sylla a salu\u00e9 un geste devenu rituel et significatif :\u00ab Le ministre, gouverneur n\u2019en est pas \u00e0 son premier don. Depuis plus de vingt ans, \u00e0 chaque Ramadan, Tabaski ou Mahoulid, il r\u00e9pond toujours pr\u00e9sent. Il ne demande jamais de pri\u00e8res pour lui-m\u00eame, mais pour le pays, les autorit\u00e9s et les populations. Cela montre la grandeur de son engagement envers la paix, coh\u00e9sion  et l&#8217;entente . Et cela  nous va droit  au c\u0153ur .\u00bb, a-t-il fait savoir.<\/p>\n<p>Le guide religieux a aussi rappel\u00e9 le r\u00f4le essentiel des leaders spirituels en cette ann\u00e9e \u00e9lectorale. <\/p>\n<p><strong>Six fid\u00e8les musulmans \u00e0 la Mecque<\/strong><\/p>\n<p>En marge de ces dons, il convient de signaler un autre geste du ministre, gouverneur : six fid\u00e8les musulmans du district ont b\u00e9n\u00e9fici\u00e9 , cette ann\u00e9e, d\u2019un financement int\u00e9gral pour accomplir le p\u00e8lerinage \u00e0 la Mecque.<\/p>\n<p><strong>Harry Diallo depuis Yamoussoukro<\/strong><\/p>\n","protected":false},"excerpt":{"rendered":"<p>Le ministre, gouverneur du district autonome de Yamoussoukro, Augustin Thiam, a t\u00e9moign\u00e9 sa solidarit\u00e9 \u00e0 l\u2019\u00e9gard de la communaut\u00e9 musulmane des quatre sous-pr\u00e9fectures qui composent le District Autonome de Yamoussoukro, \u00e0 l\u2019occasion de la f\u00eate de la Tabaski, c\u00e9l\u00e9br\u00e9e le vendredi 6 juin 2025. Au total, 80 b\u00e9liers ont \u00e9t\u00e9 offerts \u00e0 des familles musulmanes [&hellip;]<\/p>\n","protected":false},"author":4,"featured_media":38581,"comment_status":"closed","ping_status":"closed","sticky":false,"template":"","format":"standard","meta":{"_monsterinsights_skip_tracking":false,"_monsterinsights_sitenote_active":false,"_monsterinsights_sitenote_note":"","_monsterinsights_sitenote_category":0,"footnotes":""},"categories":[2,3],"tags":[97,5357,570,1836,5306,51],"class_list":["post-38580","post","type-post","status-publish","format-standard","has-post-thumbnail","hentry","category-featured","category-societe","tag-augustin-thiam","tag-beliers","tag-don","tag-familles","tag-tabaski-2025","tag-yamoussoukro"],"_links":{"self":[{"href":"https:\/\/www.lintelligentdabidjan.info\/news\/wp-json\/wp\/v2\/posts\/38580","targetHints":{"allow":["GET"]}}],"collection":[{"href":"https:\/\/www.lintelligentdabidjan.info\/news\/wp-json\/wp\/v2\/posts"}],"about":[{"href":"https:\/\/www.lintelligentdabidjan.info\/news\/wp-json\/wp\/v2\/types\/post"}],"author":[{"embeddable":true,"href":"https:\/\/www.lintelligentdabidjan.info\/news\/wp-json\/wp\/v2\/users\/4"}],"replies":[{"embeddable":true,"href":"https:\/\/www.lintelligentdabidjan.info\/news\/wp-json\/wp\/v2\/comments?post=38580"}],"version-history":[{"count":1,"href":"https:\/\/www.lintelligentdabidjan.info\/news\/wp-json\/wp\/v2\/posts\/38580\/revisions"}],"predecessor-version":[{"id":38582,"href":"https:\/\/www.lintelligentdabidjan.info\/news\/wp-json\/wp\/v2\/posts\/38580\/revisions\/38582"}],"wp:featuredmedia":[{"embeddable":true,"href":"https:\/\/www.lintelligentdabidjan.info\/news\/wp-json\/wp\/v2\/media\/38581"}],"wp:attachment":[{"href":"https:\/\/www.lintelligentdabidjan.info\/news\/wp-json\/wp\/v2\/media?parent=38580"}],"wp:term":[{"taxonomy":"category","embeddable":true,"href":"https:\/\/www.lintelligentdabidjan.info\/news\/wp-json\/wp\/v2\/categories?post=38580"},{"taxonomy":"post_tag","embeddable":true,"href":"https:\/\/www.lintelligentdabidjan.info\/news\/wp-json\/wp\/v2\/tags?post=38580"}],"curies":[{"name":"wp","href":"https:\/\/api.w.org\/{rel}","templated":true}]}}