{"id":38583,"date":"2025-06-05T10:18:11","date_gmt":"2025-06-05T08:18:11","guid":{"rendered":"https:\/\/www.lintelligentdabidjan.info\/news\/?p=38583"},"modified":"2025-06-05T10:18:14","modified_gmt":"2025-06-05T08:18:14","slug":"fete-de-la-tabaski-60-beliers-offerts-par-mathieu-babaud-darret-dans-le-sassandra-marahoue","status":"publish","type":"post","link":"https:\/\/www.lintelligentdabidjan.info\/news\/fete-de-la-tabaski-60-beliers-offerts-par-mathieu-babaud-darret-dans-le-sassandra-marahoue\/","title":{"rendered":"F\u00eate de la Tabaski-  60 b\u00e9liers offerts par Mathieu Babaud Darret dans le   Sassandra-Marahou\u00e9"},"content":{"rendered":"<p><em><strong>\u00c0 l\u2019approche de la f\u00eate de la Tabaski, soixante b\u00e9liers ont \u00e9t\u00e9 officiellement remis \u00e0 la communaut\u00e9 musulmane du district autonome du Sassandra-Marahou\u00e9  , le dimanche 1er juin 2025.<\/strong><\/em><\/p>\n<p>Ce geste de solidarit\u00e9 a \u00e9t\u00e9 initi\u00e9 par le ministre, gouverneur Mathieu Babaud Darret.<\/p>\n<p>La c\u00e9r\u00e9monie de remise s\u2019est d\u00e9roul\u00e9e sous la conduite du deuxi\u00e8me vice-gouverneur, Issa Zongo, repr\u00e9sentant le ministre, gouverneur.<\/p>\n<p>Le don \u00e9tait destin\u00e9 aux imams principaux, aux imams du vendredi, aux chefs de communaut\u00e9 ainsi qu\u2019\u00e0 plusieurs autorit\u00e9s religieuses.<\/p>\n<p>\u00ab Ce don, c\u2019est au nom du pr\u00e9sident de la R\u00e9publique, Son Excellence Alassane Ouattara, que le ministre-gouverneur le fait. Cela fait quinze ann\u00e9es cons\u00e9cutives que le ministre, gouverneur perp\u00e9tue ce geste en direction de la communaut\u00e9 musulmane \u00bb, a soulign\u00e9 Issa Zongo.<\/p>\n<p>Il a \u00e9galement mis en lumi\u00e8re la volont\u00e9 du ministre, gouverneur de r\u00e9affirmer, \u00e0 travers cet acte, son attachement aux valeurs de solidarit\u00e9, de fraternit\u00e9 et de paix.<\/p>\n<p>\u00ab Ce geste vise \u00e0 soulager nos imams et nos guides religieux qui, \u00e0 l\u2019approche des f\u00eates, sont confront\u00e9s \u00e0 de nombreuses pr\u00e9occupations, notamment celle de se procurer une b\u00eate pour le sacrifice rituel. Gr\u00e2ce \u00e0 ce soutien, ils pourront se consacrer pleinement aux pri\u00e8res pour le pays, pour le pr\u00e9sident de la R\u00e9publique Alassane Ouattara et pour le donateur lui-m\u00eame \u00bb, a-t-il poursuivi.<\/p>\n<p><strong>La remise des b\u00e9liers ne s\u2019est pas limit\u00e9e  au Sassandra.<\/strong><\/p>\n<p>La d\u00e9l\u00e9gation officielle s\u2019est \u00e9galement rendue dans la Marahou\u00e9 pour y accomplir le m\u00eame geste, toujours au nom du ministre-gouverneur.<\/p>\n<p><strong>Les b\u00e9n\u00e9ficiaires ont exprim\u00e9 leur profonde reconnaissance.<\/strong><\/p>\n<p>Coulibaly Lassina, chef central de la communaut\u00e9 S\u00e9noufo du Sassandra, a salu\u00e9 un acte de haute port\u00e9e sociale : \u00ab Le mouton n\u2019est pas accessible \u00e0 tous. Recevoir un b\u00e9lier pour la f\u00eate est un immense soulagement. Le ministre, gouverneur ne nous oublie jamais, que ce soit pour la Tabaski, le Ramadan ou d\u2019autres moments de la vie communautaire. \u00bb<\/p>\n<p>M\u00eame son de cloche chez l\u2019imam Abdallah Bamba, pr\u00e9sident de la plateforme des guides religieux de Daloa : \u00ab C\u2019est une reconnaissance envers un fils du district qui agit toujours avec constance et humanit\u00e9. Il ne se contente pas d\u2019administrer. Il accompagne, soutient et reste attentif \u00e0 nos r\u00e9alit\u00e9s. \u00bb<\/p>\n<p>\u00c0 travers cette initiative, le ministre, gouverneur r\u00e9affirme une fois de plus sa proximit\u00e9 avec les populations et son engagement pour le vivre-ensemble et la coh\u00e9sion sociale.<\/p>\n<p><strong>Beker Yao<\/strong><\/p>\n","protected":false},"excerpt":{"rendered":"<p>\u00c0 l\u2019approche de la f\u00eate de la Tabaski, soixante b\u00e9liers ont \u00e9t\u00e9 officiellement remis \u00e0 la communaut\u00e9 musulmane du district autonome du Sassandra-Marahou\u00e9 , le dimanche 1er juin 2025. Ce geste de solidarit\u00e9 a \u00e9t\u00e9 initi\u00e9 par le ministre, gouverneur Mathieu Babaud Darret. La c\u00e9r\u00e9monie de remise s\u2019est d\u00e9roul\u00e9e sous la conduite du deuxi\u00e8me vice-gouverneur, [&hellip;]<\/p>\n","protected":false},"author":4,"featured_media":38584,"comment_status":"closed","ping_status":"closed","sticky":false,"template":"","format":"standard","meta":{"_monsterinsights_skip_tracking":false,"_monsterinsights_sitenote_active":false,"_monsterinsights_sitenote_note":"","_monsterinsights_sitenote_category":0,"footnotes":""},"categories":[2,3],"tags":[5357,5358,5359,1993],"class_list":["post-38583","post","type-post","status-publish","format-standard","has-post-thumbnail","hentry","category-featured","category-societe","tag-beliers","tag-fete-de-la-tabaski","tag-mathieu-babaud-darret","tag-sassandra-marahoue"],"_links":{"self":[{"href":"https:\/\/www.lintelligentdabidjan.info\/news\/wp-json\/wp\/v2\/posts\/38583","targetHints":{"allow":["GET"]}}],"collection":[{"href":"https:\/\/www.lintelligentdabidjan.info\/news\/wp-json\/wp\/v2\/posts"}],"about":[{"href":"https:\/\/www.lintelligentdabidjan.info\/news\/wp-json\/wp\/v2\/types\/post"}],"author":[{"embeddable":true,"href":"https:\/\/www.lintelligentdabidjan.info\/news\/wp-json\/wp\/v2\/users\/4"}],"replies":[{"embeddable":true,"href":"https:\/\/www.lintelligentdabidjan.info\/news\/wp-json\/wp\/v2\/comments?post=38583"}],"version-history":[{"count":1,"href":"https:\/\/www.lintelligentdabidjan.info\/news\/wp-json\/wp\/v2\/posts\/38583\/revisions"}],"predecessor-version":[{"id":38585,"href":"https:\/\/www.lintelligentdabidjan.info\/news\/wp-json\/wp\/v2\/posts\/38583\/revisions\/38585"}],"wp:featuredmedia":[{"embeddable":true,"href":"https:\/\/www.lintelligentdabidjan.info\/news\/wp-json\/wp\/v2\/media\/38584"}],"wp:attachment":[{"href":"https:\/\/www.lintelligentdabidjan.info\/news\/wp-json\/wp\/v2\/media?parent=38583"}],"wp:term":[{"taxonomy":"category","embeddable":true,"href":"https:\/\/www.lintelligentdabidjan.info\/news\/wp-json\/wp\/v2\/categories?post=38583"},{"taxonomy":"post_tag","embeddable":true,"href":"https:\/\/www.lintelligentdabidjan.info\/news\/wp-json\/wp\/v2\/tags?post=38583"}],"curies":[{"name":"wp","href":"https:\/\/api.w.org\/{rel}","templated":true}]}}