{"id":38598,"date":"2025-06-05T23:30:03","date_gmt":"2025-06-05T21:30:03","guid":{"rendered":"https:\/\/www.lintelligentdabidjan.info\/news\/?p=38598"},"modified":"2025-06-05T23:37:18","modified_gmt":"2025-06-05T21:37:18","slug":"guedikpo-150-jeunes-filles-reprennent-confiance-grace-au-service-civique","status":"publish","type":"post","link":"https:\/\/www.lintelligentdabidjan.info\/news\/guedikpo-150-jeunes-filles-reprennent-confiance-grace-au-service-civique\/","title":{"rendered":"Gu\u00e9dikpo- 150 jeunes filles reprennent confiance gr\u00e2ce au service civique"},"content":{"rendered":"<p><em><strong>150 jeunes filles reprennent confiance \u00e0 Gu\u00e9dikpo gr\u00e2ce au service civique. <\/strong><\/em><\/p>\n<p>Elles \u00e9taient 150, jeunes filles et m\u00e8res adolescentes, \u00e0 prendre part le lundi 3 juin 2025, \u00e0 la c\u00e9r\u00e9monie de cl\u00f4ture de leur parcours de formation au Centre de service civique de Gu\u00e9dikpo.<\/p>\n<p>Apr\u00e8s trois mois intensifs d\u2019apprentissage alliant engagement citoyen et initiation \u00e0 divers m\u00e9tiers de la coiffure-esth\u00e9tique \u00e0 la m\u00e9canique automobile, en passant par la p\u00e2tisserie et la construction m\u00e9tallique, ces jeunes femmes sont d\u00e9sormais pr\u00eates \u00e0 entrer dans le monde professionnel.<br \/>\nLa c\u00e9r\u00e9monie a rassembl\u00e9 familles, encadreurs, autorit\u00e9s administratives, militaires et coutumi\u00e8res. Pr\u00e9sid\u00e9e par le vice- gouverneur du District autonome du Bas-Sassandra, Hi\u00e9 Kolat\u00e9, repr\u00e9sentant le ministre, gouverneur Legr\u00e9 Dappa Philippe, la c\u00e9r\u00e9monie a mis \u00e0 l\u2019honneur le travail des stagiaires volontaires ainsi que l\u2019engagement des encadreurs. Hi\u00e9 Kolat\u00e9 a salu\u00e9 une initiative qui va bien au-del\u00e0 de la formation professionnelle. \u00ab Ce centre n&#8217;est pas seulement un cadre d\u2019apprentissage. C\u2019est un lieu o\u00f9 l\u2019on forge des consciences, o\u00f9 l\u2019on cultive la citoyennet\u00e9 et o\u00f9 l\u2019on b\u00e2tit l\u2019avenir de la nation \u00e0 travers ses filles. Ces jeunes femmes incarnent l\u2019espoir d\u2019un pays qui croit en sa jeunesse \u00bb, a-t-il d\u00e9clar\u00e9. Quant \u00e0 Sidib\u00e9 Bakary, Directeur du service civique d\u2019action pour le D\u00e9veloppement (SCAD), repr\u00e9sentant le Directeur g\u00e9n\u00e9ral de l\u2019Office du service civique national (OSCN), il a mis en avant l\u2019impact social de ces programmes.<br \/>\nIl a rappel\u00e9 que l\u2019OSCN est un \u00e9tablissement public plac\u00e9 sous la tutelle du Minist\u00e8re de la promotion de la Jeunesse, de l\u2019insertion professionnelle et du Service civique, dirig\u00e9 par le ministre Mamadou Tour\u00e9, dont la vision est d\u2019offrir aux jeunes des alternatives concr\u00e8tes face \u00e0 la pr\u00e9carit\u00e9. \u00ab Chaque cohorte qui sort de nos centres, c\u2019est une victoire silencieuse contre l\u2019exclusion et l\u2019oisivet\u00e9. Ces jeunes filles sont d\u00e9sormais des actrices de changement. Une nouvelle session d\u00e9marrera ici m\u00eame d\u00e8s le mois de juillet, avec toujours le m\u00eame engagement de qualit\u00e9 et d\u2019encadrement \u00bb, a-t-il annonc\u00e9.<\/p>\n<p><strong>Entre formation et transformation<\/strong><\/p>\n<p>Tout au long de leur s\u00e9jour, les jeunes filles, \u00e2g\u00e9es de 16 \u00e0 24 ans, ont \u00e9t\u00e9 encadr\u00e9es par des formateurs civils et militaires, avec le soutien des tutrices et des conseillers \u00e0 l\u2019insertion de l\u2019Agence Emploi Jeunes. Outre les comp\u00e9tences techniques acquises, elles ont appris les valeurs du civisme, de la solidarit\u00e9 et de la discipline. \u00ab Cette exp\u00e9rience nous a transform\u00e9es. Nous avons gagn\u00e9 en assurance, en autonomie et en ambition. Aujourd\u2019hui, nous avons la force de croire en nos projets \u00bb, a confi\u00e9 Yedagne Barbara Charl\u00e8ne, d\u00e9l\u00e9gu\u00e9e de la cohorte, sous les applaudissements nourris de l\u2019assistance. En guise de reconnaissance, l\u2019ONG Espace Magic a offert des kits d\u2019accompagnement aux dix meilleures stagiaires de chaque fili\u00e8re, un geste fortement salu\u00e9 par les familles et les partenaires. Aux c\u00f4t\u00e9s des autorit\u00e9s locales et des repr\u00e9sentants de l\u2019Agence Emploi Jeunes, la c\u00e9r\u00e9monie a aussi enregistr\u00e9 la pr\u00e9sence du Colonel Ak\u00e9, Chef du Bureau d\u2019accompagnement \u00e0 la reconversion des militaires (BARM), et de la directrice r\u00e9gionale du minist\u00e8re de la Jeunesse. Cr\u00e9\u00e9s pour favoriser l\u2019insertion socio-professionnelle des jeunes en situation de vuln\u00e9rabilit\u00e9, les centres de service civique poursuivent leur mission.<\/p>\n<p><strong>Mamadou Ouattara avec Ly Abdul<\/strong><\/p>\n","protected":false},"excerpt":{"rendered":"<p>150 jeunes filles reprennent confiance \u00e0 Gu\u00e9dikpo gr\u00e2ce au service civique. Elles \u00e9taient 150, jeunes filles et m\u00e8res adolescentes, \u00e0 prendre part le lundi 3 juin 2025, \u00e0 la c\u00e9r\u00e9monie de cl\u00f4ture de leur parcours de formation au Centre de service civique de Gu\u00e9dikpo. Apr\u00e8s trois mois intensifs d\u2019apprentissage alliant engagement citoyen et initiation \u00e0 [&hellip;]<\/p>\n","protected":false},"author":4,"featured_media":38599,"comment_status":"closed","ping_status":"closed","sticky":false,"template":"","format":"standard","meta":{"_monsterinsights_skip_tracking":false,"_monsterinsights_sitenote_active":false,"_monsterinsights_sitenote_note":"","_monsterinsights_sitenote_category":0,"footnotes":""},"categories":[2,3],"tags":[5364,3744,1521],"class_list":["post-38598","post","type-post","status-publish","format-standard","has-post-thumbnail","hentry","category-featured","category-societe","tag-guedikpo","tag-jeunes-filles","tag-service-civique"],"_links":{"self":[{"href":"https:\/\/www.lintelligentdabidjan.info\/news\/wp-json\/wp\/v2\/posts\/38598","targetHints":{"allow":["GET"]}}],"collection":[{"href":"https:\/\/www.lintelligentdabidjan.info\/news\/wp-json\/wp\/v2\/posts"}],"about":[{"href":"https:\/\/www.lintelligentdabidjan.info\/news\/wp-json\/wp\/v2\/types\/post"}],"author":[{"embeddable":true,"href":"https:\/\/www.lintelligentdabidjan.info\/news\/wp-json\/wp\/v2\/users\/4"}],"replies":[{"embeddable":true,"href":"https:\/\/www.lintelligentdabidjan.info\/news\/wp-json\/wp\/v2\/comments?post=38598"}],"version-history":[{"count":1,"href":"https:\/\/www.lintelligentdabidjan.info\/news\/wp-json\/wp\/v2\/posts\/38598\/revisions"}],"predecessor-version":[{"id":38600,"href":"https:\/\/www.lintelligentdabidjan.info\/news\/wp-json\/wp\/v2\/posts\/38598\/revisions\/38600"}],"wp:featuredmedia":[{"embeddable":true,"href":"https:\/\/www.lintelligentdabidjan.info\/news\/wp-json\/wp\/v2\/media\/38599"}],"wp:attachment":[{"href":"https:\/\/www.lintelligentdabidjan.info\/news\/wp-json\/wp\/v2\/media?parent=38598"}],"wp:term":[{"taxonomy":"category","embeddable":true,"href":"https:\/\/www.lintelligentdabidjan.info\/news\/wp-json\/wp\/v2\/categories?post=38598"},{"taxonomy":"post_tag","embeddable":true,"href":"https:\/\/www.lintelligentdabidjan.info\/news\/wp-json\/wp\/v2\/tags?post=38598"}],"curies":[{"name":"wp","href":"https:\/\/api.w.org\/{rel}","templated":true}]}}