{"id":38612,"date":"2025-06-10T02:16:49","date_gmt":"2025-06-10T00:16:49","guid":{"rendered":"https:\/\/www.lintelligentdabidjan.info\/news\/?p=38612"},"modified":"2025-06-10T02:17:30","modified_gmt":"2025-06-10T00:17:30","slug":"lutte-contre-les-changements-climatiques-le-senat-adopte-un-projet-de-loi","status":"publish","type":"post","link":"https:\/\/www.lintelligentdabidjan.info\/news\/lutte-contre-les-changements-climatiques-le-senat-adopte-un-projet-de-loi\/","title":{"rendered":"Lutte contre les changements climatiques-  Le S\u00e9nat adopte un projet de loi"},"content":{"rendered":"<p><em><strong>Les membres de la Commission de la recherche, de la science, de la technologie et de l\u2019environnement (CRSTE) du S\u00e9nat, ont adopt\u00e9 \u00e0 l\u2019unanimit\u00e9, le jeudi 5 mai 2025, un projet de loi d\u00e9terminant dans la lutte contre les changements climatiques. D\u00e9fendu par le ministre l\u2019Environnement, du D\u00e9veloppement Durable et de la Transition \u00c9cologique, Jacques Assahor\u00e9 Konan, ce texte marque une \u00e9tape importante dans la gouvernance climatique de la C\u00f4te d\u2019Ivoire.<\/strong><\/em><\/p>\n<p><strong>Un contexte d\u2019urgence climatique pressant<\/strong><\/p>\n<p>S\u2019appuyant sur les conclusions alarmantes du sixi\u00e8me rapport du GIEC, le ministre  a soulign\u00e9 l\u2019urgence d\u2019agir face aux menaces croissantes que fait peser le d\u00e9r\u00e8glement climatique sur la sant\u00e9 des populations, l\u2019\u00e9conomie nationale et l\u2019environnement. \u00ab  \u00c0 l\u2019horizon 2050, la hausse des temp\u00e9ratures pourrait atteindre jusqu\u2019\u00e0 4\u00b0C si rien n\u2019est fait. Les impacts sont d\u00e9j\u00e0 visibles dans le pays : irr\u00e9gularit\u00e9 des pluies, raccourcissement des saisons agricoles, baisse de la production vivri\u00e8re, \u00e9rosion c\u00f4ti\u00e8re acc\u00e9l\u00e9r\u00e9e, multiplication des inondations, recrudescence des maladies vectorielles et stress hydrique sur les principaux fleuves \u00bb, a relev\u00e9 l\u2019\u00e9missaire du gouvernement.<\/p>\n<p>Selon le rapport  \u00ab Climat et D\u00e9veloppement  de la Banque mondiale (2023), les impacts du changement climatique pourrait faire basculer 1,63 million de personnes dans l\u2019extr\u00eame pauvret\u00e9 d\u2019ici 2030 et r\u00e9duire le PIB de 13 % d\u2019ici 2050 \u00bb, a-t-il d\u00e9clar\u00e9. Malgr\u00e9 les avanc\u00e9es l\u00e9gislatives existantes (codes de l\u2019environnement, de l\u2019eau, forestier, etc.), le cadre juridique pr\u00e9sentait des insuffisances dans la coordination de l\u2019action climatique, la mobilisation des financements carbone, et le suivi-\u00e9valuation des politiques. Le nouveau projet de loi vise donc \u00e0 combler ces lacunes en alignant le droit national avec les engagements internationaux, notamment l\u2019Accord de Paris. Il introduit des m\u00e9canismes novateurs comme : la r\u00e9gulation du march\u00e9 carbone, la cr\u00e9ation d\u2019une instance nationale de coordination climatique, la d\u00e9finition claire des infractions environnementales assorties de sanctions, et des mesures pour renforcer la r\u00e9silience des populations les plus vuln\u00e9rables. \u00c0 travers ce texte, le ministre Jacques Assahor\u00e9 Konan, a indiqu\u00e9 que le gouvernement entend donner une impulsion nouvelle \u00e0 la politique climatique du pays. \u00ab  Il s\u2019agit non seulement de r\u00e9duire les \u00e9missions de gaz \u00e0 effet de serre, mais aussi de mieux anticiper les risques et d\u2019attirer davantage de financements verts. Ce projet de loi s\u2019inscrit \u00e9galement dans le cadre des r\u00e9formes convenues avec le FMI dans le programme FRD (Facilit\u00e9 pour la R\u00e9silience et la Durabilit\u00e9) conclu en 2024.<\/p>\n<p><strong>Harry Diallo depuis Yamoussoukro <\/strong><\/p>\n","protected":false},"excerpt":{"rendered":"<p>Les membres de la Commission de la recherche, de la science, de la technologie et de l\u2019environnement (CRSTE) du S\u00e9nat, ont adopt\u00e9 \u00e0 l\u2019unanimit\u00e9, le jeudi 5 mai 2025, un projet de loi d\u00e9terminant dans la lutte contre les changements climatiques. D\u00e9fendu par le ministre l\u2019Environnement, du D\u00e9veloppement Durable et de la Transition \u00c9cologique, Jacques [&hellip;]<\/p>\n","protected":false},"author":4,"featured_media":38613,"comment_status":"closed","ping_status":"closed","sticky":false,"template":"","format":"standard","meta":{"_monsterinsights_skip_tracking":false,"_monsterinsights_sitenote_active":false,"_monsterinsights_sitenote_note":"","_monsterinsights_sitenote_category":0,"footnotes":""},"categories":[2,3],"tags":[5370,5371,2658,5372],"class_list":["post-38612","post","type-post","status-publish","format-standard","has-post-thumbnail","hentry","category-featured","category-societe","tag-changements-climatiques","tag-le-senat","tag-lutte","tag-projet-de-loi"],"_links":{"self":[{"href":"https:\/\/www.lintelligentdabidjan.info\/news\/wp-json\/wp\/v2\/posts\/38612","targetHints":{"allow":["GET"]}}],"collection":[{"href":"https:\/\/www.lintelligentdabidjan.info\/news\/wp-json\/wp\/v2\/posts"}],"about":[{"href":"https:\/\/www.lintelligentdabidjan.info\/news\/wp-json\/wp\/v2\/types\/post"}],"author":[{"embeddable":true,"href":"https:\/\/www.lintelligentdabidjan.info\/news\/wp-json\/wp\/v2\/users\/4"}],"replies":[{"embeddable":true,"href":"https:\/\/www.lintelligentdabidjan.info\/news\/wp-json\/wp\/v2\/comments?post=38612"}],"version-history":[{"count":1,"href":"https:\/\/www.lintelligentdabidjan.info\/news\/wp-json\/wp\/v2\/posts\/38612\/revisions"}],"predecessor-version":[{"id":38614,"href":"https:\/\/www.lintelligentdabidjan.info\/news\/wp-json\/wp\/v2\/posts\/38612\/revisions\/38614"}],"wp:featuredmedia":[{"embeddable":true,"href":"https:\/\/www.lintelligentdabidjan.info\/news\/wp-json\/wp\/v2\/media\/38613"}],"wp:attachment":[{"href":"https:\/\/www.lintelligentdabidjan.info\/news\/wp-json\/wp\/v2\/media?parent=38612"}],"wp:term":[{"taxonomy":"category","embeddable":true,"href":"https:\/\/www.lintelligentdabidjan.info\/news\/wp-json\/wp\/v2\/categories?post=38612"},{"taxonomy":"post_tag","embeddable":true,"href":"https:\/\/www.lintelligentdabidjan.info\/news\/wp-json\/wp\/v2\/tags?post=38612"}],"curies":[{"name":"wp","href":"https:\/\/api.w.org\/{rel}","templated":true}]}}