{"id":38644,"date":"2025-06-12T07:52:54","date_gmt":"2025-06-12T05:52:54","guid":{"rendered":"https:\/\/www.lintelligentdabidjan.info\/news\/?p=38644"},"modified":"2025-06-12T07:52:54","modified_gmt":"2025-06-12T05:52:54","slug":"moronou-long-atcholia-recompense-54-eleves-de-la-sous-prefecture-de-nguessankro","status":"publish","type":"post","link":"https:\/\/www.lintelligentdabidjan.info\/news\/moronou-long-atcholia-recompense-54-eleves-de-la-sous-prefecture-de-nguessankro\/","title":{"rendered":"Moronou-  L\u2019Ong Atch\u00f4lia r\u00e9compense 54 \u00e9l\u00e8ves de la sous-pr\u00e9fecture de N\u2019Guessankro"},"content":{"rendered":"<p><em><strong>Selon une note transmise \u00e0 notre r\u00e9daction, cinquante-quatre (54) \u00e9l\u00e8ves du primaire et du secondaire de la sous-pr\u00e9fecture de N\u2019Guessankro ont \u00e9t\u00e9 r\u00e9compens\u00e9s, le samedi 31 mai 2025, \u00e0 N\u2019Guessankro, chef-lieu de la sous-pr\u00e9fecture par l\u2019Ong Atch\u00f4lia, \u00e0 l\u2019occasion de la 5\u1d49 \u00e9dition du Prix d\u2019Excellence Tour\u00e9 Daniel.<\/strong><\/em><\/p>\n<p>Issus des \u00e9coles primaires de N\u2019Guessankro, Kinimokro, N\u2019dolikro, Essuikro et Niandian, les laur\u00e9ats ont chacun re\u00e7u un kit comprenant, entre autres, des cahiers, des tenues scolaires (kaki pour les gar\u00e7ons, bleu et blanc pour les filles) ainsi qu\u2019une enveloppe. \u00c0 cette occasion, Jules Aka Koua, pr\u00e9sident de l\u2019Ong Atch\u00f4lia, est revenu sur les raisons ayant motiv\u00e9 l\u2019institution du Prix d\u2019Excellence Tour\u00e9 Daniel : \u00ab Ce prix est d\u2019abord un hommage \u00e0 l\u2019un des fils de la sous-pr\u00e9fecture,  Tour\u00e9 Daniel, directeur g\u00e9n\u00e9ral dans une institution financi\u00e8re de la place, dont le parcours scolaire et universitaire est exceptionnel. Nous estimons que son parcours est inspirant \u00bb, a-t-il d\u00e9clar\u00e9. La c\u00e9r\u00e9monie a \u00e9galement \u00e9t\u00e9 l\u2019occasion pour le pr\u00e9sident de l\u2019Ong de faire un plaidoyer en faveur de la construction d\u2019une nouvelle \u00e9cole primaire publique \u00e0 N\u2019Guessankro, ainsi que de la r\u00e9habilitation de l\u2019\u00e9cole primaire publique 3, dont la toiture est endommag\u00e9e. S\u2019adressant aux \u00e9l\u00e8ves, Tour\u00e9 Daniel a assur\u00e9 avoir pris bonne note de la dol\u00e9ance relative \u00e0 la construction de cette future \u00e9cole. Il a, par ailleurs, encourag\u00e9 les laur\u00e9ats \u00e0 maintenir le cap afin de mieux se positionner sur le march\u00e9 de l\u2019emploi devenu de plus en plus comp\u00e9titif. Pr\u00e9sent \u00e0 la c\u00e9r\u00e9monie, Ahondjon Pascal, repr\u00e9sentant le d\u00e9put\u00e9 d\u2019Arrah, a salu\u00e9 l\u2019initiative de l\u2019Ong Atch\u00f4lia qui, selon lui, m\u00e9rite un fort accompagnement pour am\u00e9liorer le cadre d\u2019apprentissage des \u00e9l\u00e8ves de la r\u00e9gion. Il convient de rappeler que, depuis sa cr\u00e9ation en 2020, le Prix d\u2019Excellence Tour\u00e9 Daniel s\u2019inscrit dans une s\u00e9rie d\u2019actions sociales men\u00e9es par l\u2019Ong Atch\u00f4lia en faveur des enfants d\u00e9favoris\u00e9s de la sous-pr\u00e9fecture de N\u2019Guessankro.<\/p>\n<p><strong>Moustapha Isma\u00efla<\/strong><\/p>\n","protected":false},"excerpt":{"rendered":"<p>Selon une note transmise \u00e0 notre r\u00e9daction, cinquante-quatre (54) \u00e9l\u00e8ves du primaire et du secondaire de la sous-pr\u00e9fecture de N\u2019Guessankro ont \u00e9t\u00e9 r\u00e9compens\u00e9s, le samedi 31 mai 2025, \u00e0 N\u2019Guessankro, chef-lieu de la sous-pr\u00e9fecture par l\u2019Ong Atch\u00f4lia, \u00e0 l\u2019occasion de la 5\u1d49 \u00e9dition du Prix d\u2019Excellence Tour\u00e9 Daniel. Issus des \u00e9coles primaires de N\u2019Guessankro, Kinimokro, [&hellip;]<\/p>\n","protected":false},"author":4,"featured_media":38645,"comment_status":"closed","ping_status":"closed","sticky":false,"template":"","format":"standard","meta":{"_monsterinsights_skip_tracking":false,"_monsterinsights_sitenote_active":false,"_monsterinsights_sitenote_note":"","_monsterinsights_sitenote_category":0,"footnotes":""},"categories":[2,3],"tags":[853,5385,4317,5386],"class_list":["post-38644","post","type-post","status-publish","format-standard","has-post-thumbnail","hentry","category-featured","category-societe","tag-eleves","tag-long-atcholia","tag-moronou","tag-sous-prefecture-de-nguessankro"],"_links":{"self":[{"href":"https:\/\/www.lintelligentdabidjan.info\/news\/wp-json\/wp\/v2\/posts\/38644","targetHints":{"allow":["GET"]}}],"collection":[{"href":"https:\/\/www.lintelligentdabidjan.info\/news\/wp-json\/wp\/v2\/posts"}],"about":[{"href":"https:\/\/www.lintelligentdabidjan.info\/news\/wp-json\/wp\/v2\/types\/post"}],"author":[{"embeddable":true,"href":"https:\/\/www.lintelligentdabidjan.info\/news\/wp-json\/wp\/v2\/users\/4"}],"replies":[{"embeddable":true,"href":"https:\/\/www.lintelligentdabidjan.info\/news\/wp-json\/wp\/v2\/comments?post=38644"}],"version-history":[{"count":1,"href":"https:\/\/www.lintelligentdabidjan.info\/news\/wp-json\/wp\/v2\/posts\/38644\/revisions"}],"predecessor-version":[{"id":38646,"href":"https:\/\/www.lintelligentdabidjan.info\/news\/wp-json\/wp\/v2\/posts\/38644\/revisions\/38646"}],"wp:featuredmedia":[{"embeddable":true,"href":"https:\/\/www.lintelligentdabidjan.info\/news\/wp-json\/wp\/v2\/media\/38645"}],"wp:attachment":[{"href":"https:\/\/www.lintelligentdabidjan.info\/news\/wp-json\/wp\/v2\/media?parent=38644"}],"wp:term":[{"taxonomy":"category","embeddable":true,"href":"https:\/\/www.lintelligentdabidjan.info\/news\/wp-json\/wp\/v2\/categories?post=38644"},{"taxonomy":"post_tag","embeddable":true,"href":"https:\/\/www.lintelligentdabidjan.info\/news\/wp-json\/wp\/v2\/tags?post=38644"}],"curies":[{"name":"wp","href":"https:\/\/api.w.org\/{rel}","templated":true}]}}