{"id":38656,"date":"2025-06-13T07:24:12","date_gmt":"2025-06-13T05:24:12","guid":{"rendered":"https:\/\/www.lintelligentdabidjan.info\/news\/?p=38656"},"modified":"2025-06-13T07:24:24","modified_gmt":"2025-06-13T05:24:24","slug":"securite-nationale-universitaires-chercheurs-et-militaires-en-reflexion-strategique-a-assinie","status":"publish","type":"post","link":"https:\/\/www.lintelligentdabidjan.info\/news\/securite-nationale-universitaires-chercheurs-et-militaires-en-reflexion-strategique-a-assinie\/","title":{"rendered":"S\u00e9curit\u00e9 nationale-  Universitaires, chercheurs et militaires en r\u00e9flexion strat\u00e9gique \u00e0 Assinie"},"content":{"rendered":"<p><strong> L\u2019Institut d\u2019\u00c9tudes Strat\u00e9giques et de D\u00e9fense (IESD) a lanc\u00e9, le mercredi 11 juin 2025, \u00e0 Assinie,  les travaux de la troisi\u00e8me session de la Semaine nationale de r\u00e9flexion strat\u00e9gique. Cette \u00e9dition est plac\u00e9e sous le th\u00e8me : \u00ab Quelle contribution du monde universitaire \u00e0 la r\u00e9flexion strat\u00e9gique et de d\u00e9fense ? \u00bb se tient jusqu\u2019au 14 juin 2025  et vise \u00e0 renforcer la synergie entre les milieux universitaires et les institutions de d\u00e9fense, dans un contexte marqu\u00e9 par des menaces s\u00e9curitaires croissantes.<\/strong><\/p>\n<p>Repr\u00e9sentant le ministre d\u2019\u00c9tat, ministre de la D\u00e9fense,  T\u00e9n\u00e9 Birahima Ouattara, le vice-amiral N\u2019Guessan Kouam\u00e9 C\u00e9lestin, par ailleurs chef d\u2019\u00e9tat-major de la Marine nationale, a soulign\u00e9 la port\u00e9e strat\u00e9gique de cette session, qui ambitionne de b\u00e2tir des passerelles solides entre chercheurs, universitaires et forces de d\u00e9fense, afin de r\u00e9pondre de mani\u00e8re innovante et concert\u00e9e aux d\u00e9fis s\u00e9curitaires pr\u00e9sents et futurs.<\/p>\n<p>\u00ab La C\u00f4te d\u2019Ivoire, \u00e0 l\u2019instar de nombreux pays de la sous-r\u00e9gion, fait face \u00e0 des d\u00e9fis s\u00e9curitaires complexes et multidimensionnels. Le terrorisme, la piraterie maritime, le crime organis\u00e9 transfrontalier et les tensions r\u00e9gionales exigent de nous une vigilance accrue et une adaptation constante de nos strat\u00e9gies de d\u00e9fense \u00bb, a-t-il d\u00e9clar\u00e9.<\/p>\n<p>Dans cette optique, le minist\u00e8re de la D\u00e9fense met un accent particulier sur la n\u00e9cessit\u00e9 de mobiliser l\u2019ensemble des comp\u00e9tences disponibles, notamment celles issues du monde universitaire et de la recherche. Il s\u2019agit, selon le ministre, d\u2019exploiter pleinement les savoirs scientifiques et les innovations afin d\u2019enrichir la r\u00e9flexion strat\u00e9gique nationale.<\/p>\n<p>La session de cette ann\u00e9e se veut un cadre d\u2019\u00e9change et de collaboration durable entre les institutions acad\u00e9miques et les forces de d\u00e9fense et de s\u00e9curit\u00e9. Elle vise notamment \u00e0 int\u00e9grer les avanc\u00e9es technologiques et scientifiques dans les doctrines et pratiques militaires, tout en r\u00e9fl\u00e9chissant \u00e0 de nouveaux mod\u00e8les de formation et de renforcement des capacit\u00e9s pour les cadres militaires.<\/p>\n<p>Parmi les th\u00e9matiques abord\u00e9es figurent :Le r\u00f4le des institutions acad\u00e9miques dans la formation continue des militaires ; l\u2019int\u00e9gration des innovations technologiques dans les strat\u00e9gies de d\u00e9fense et la contribution de la recherche universitaire \u00e0 la transformation des connaissances en actions concr\u00e8tes dans le cadre de la lutte contre les menaces s\u00e9curitaires.<\/p>\n<p>Les discussions, riches et vari\u00e9es, devraient d\u00e9boucher sur des recommandations concr\u00e8tes en vue d\u2019instaurer une collaboration p\u00e9renne entre les universit\u00e9s et les forces de d\u00e9fense et de s\u00e9curit\u00e9. L\u2019objectif \u00e9tant d\u2019anticiper les mutations du paysage s\u00e9curitaire mondial et de renforcer la r\u00e9silience nationale.<\/p>\n<p>Le  Colonel-Major Koffi Franck, pr\u00e9sident du comit\u00e9 d\u2019organisation, a r\u00e9affirm\u00e9 l\u2019engagement de l\u2019IESD \u00e0 promouvoir une approche inclusive et prospective des enjeux de s\u00e9curit\u00e9 nationale.<\/p>\n<p><strong>Mamadou Ouattara avec G\u00e9rard Batoua<\/strong><\/p>\n","protected":false},"excerpt":{"rendered":"<p>L\u2019Institut d\u2019\u00c9tudes Strat\u00e9giques et de D\u00e9fense (IESD) a lanc\u00e9, le mercredi 11 juin 2025, \u00e0 Assinie, les travaux de la troisi\u00e8me session de la Semaine nationale de r\u00e9flexion strat\u00e9gique. Cette \u00e9dition est plac\u00e9e sous le th\u00e8me : \u00ab Quelle contribution du monde universitaire \u00e0 la r\u00e9flexion strat\u00e9gique et de d\u00e9fense ? \u00bb se tient jusqu\u2019au [&hellip;]<\/p>\n","protected":false},"author":4,"featured_media":38657,"comment_status":"closed","ping_status":"closed","sticky":false,"template":"","format":"standard","meta":{"_monsterinsights_skip_tracking":false,"_monsterinsights_sitenote_active":false,"_monsterinsights_sitenote_note":"","_monsterinsights_sitenote_category":0,"footnotes":""},"categories":[2,3],"tags":[5393,1741,1454,2122,5392],"class_list":["post-38656","post","type-post","status-publish","format-standard","has-post-thumbnail","hentry","category-featured","category-societe","tag-assinie","tag-chercheurs","tag-militaires","tag-reflexion","tag-securite-nationale-universitaires"],"_links":{"self":[{"href":"https:\/\/www.lintelligentdabidjan.info\/news\/wp-json\/wp\/v2\/posts\/38656","targetHints":{"allow":["GET"]}}],"collection":[{"href":"https:\/\/www.lintelligentdabidjan.info\/news\/wp-json\/wp\/v2\/posts"}],"about":[{"href":"https:\/\/www.lintelligentdabidjan.info\/news\/wp-json\/wp\/v2\/types\/post"}],"author":[{"embeddable":true,"href":"https:\/\/www.lintelligentdabidjan.info\/news\/wp-json\/wp\/v2\/users\/4"}],"replies":[{"embeddable":true,"href":"https:\/\/www.lintelligentdabidjan.info\/news\/wp-json\/wp\/v2\/comments?post=38656"}],"version-history":[{"count":1,"href":"https:\/\/www.lintelligentdabidjan.info\/news\/wp-json\/wp\/v2\/posts\/38656\/revisions"}],"predecessor-version":[{"id":38658,"href":"https:\/\/www.lintelligentdabidjan.info\/news\/wp-json\/wp\/v2\/posts\/38656\/revisions\/38658"}],"wp:featuredmedia":[{"embeddable":true,"href":"https:\/\/www.lintelligentdabidjan.info\/news\/wp-json\/wp\/v2\/media\/38657"}],"wp:attachment":[{"href":"https:\/\/www.lintelligentdabidjan.info\/news\/wp-json\/wp\/v2\/media?parent=38656"}],"wp:term":[{"taxonomy":"category","embeddable":true,"href":"https:\/\/www.lintelligentdabidjan.info\/news\/wp-json\/wp\/v2\/categories?post=38656"},{"taxonomy":"post_tag","embeddable":true,"href":"https:\/\/www.lintelligentdabidjan.info\/news\/wp-json\/wp\/v2\/tags?post=38656"}],"curies":[{"name":"wp","href":"https:\/\/api.w.org\/{rel}","templated":true}]}}