{"id":38659,"date":"2025-06-13T07:29:50","date_gmt":"2025-06-13T05:29:50","guid":{"rendered":"https:\/\/www.lintelligentdabidjan.info\/news\/?p=38659"},"modified":"2025-06-13T07:31:22","modified_gmt":"2025-06-13T05:31:22","slug":"1%e1%b5%89-congres-et-21%e1%b5%89-journee-de-la-societe-ivoirienne-de-pediatrie-a-yamoussoukro-les-maladies-chroniques-de-lenfant-au-centre-des-preoccupations-medicales","status":"publish","type":"post","link":"https:\/\/www.lintelligentdabidjan.info\/news\/1%e1%b5%89-congres-et-21%e1%b5%89-journee-de-la-societe-ivoirienne-de-pediatrie-a-yamoussoukro-les-maladies-chroniques-de-lenfant-au-centre-des-preoccupations-medicales\/","title":{"rendered":"1\u1d49 Congr\u00e8s et 21\u1d49 Journ\u00e9e de la Soci\u00e9t\u00e9 Ivoirienne de P\u00e9diatrie \u00e0 Yamoussoukro-    Les maladies chroniques de l\u2019enfant au centre des pr\u00e9occupations m\u00e9dicales"},"content":{"rendered":"<p><em><strong>La Fondation F\u00e9lix Houphou\u00ebt-Boigny pour la recherche de la paix \u00e0 Yamoussoukro accueille du  mercredi 11 au vendredi 13 juin 2025, le 11\u1d49 Congr\u00e8s et la 21\u1d49 Journ\u00e9e de la Soci\u00e9t\u00e9 Ivoirienne de P\u00e9diatrie (SIP), sous le th\u00e8me \u2018\u2019 Les maladies chroniques de l\u2019enfant : actualit\u00e9s, d\u00e9fis et perspectives\u2019\u2019.<\/strong><\/em><\/p>\n<p>Cette rencontre scientifique rassemble p\u00e9diatres, praticiens de divers domaines de la sant\u00e9, chercheurs, associations et partenaires autour des enjeux majeurs que repr\u00e9sentent les maladies chroniques chez l\u2019enfant. Elle constitue une plateforme d\u2019\u00e9change de connaissances, de pr\u00e9sentation de projets, de r\u00e9sultats de recherches et de partage d\u2019exp\u00e9riences sur les avanc\u00e9es m\u00e9dicales dans la prise en charge p\u00e9diatrique.<\/p>\n<p><strong>Une probl\u00e9matique de sant\u00e9 publique grandissante<\/strong><\/p>\n<p>A l\u2019ouverture, Amorissani Folquet, pr\u00e9sidente de la SIP, a rappel\u00e9 que les maladies chroniques longtemps per\u00e7ues comme rares en Afrique subsaharienne, connaissent aujourd\u2019hui une progression inqui\u00e9tante. \u00ab Elles constituent d\u00e9sormais un v\u00e9ritable d\u00e9fi de sant\u00e9 publique, touchant un nombre croissant d\u2019enfants et d\u2019adolescents \u00bb, a-t-elle soulign\u00e9. \u00ab Dr\u00e9panocytose, diab\u00e8te, VIH, asthme, troubles neuro-d\u00e9veloppementaux\u2026 la liste des pathologies concern\u00e9es est longue \u00bb, a \u00e9num\u00e9r\u00e9 la pr\u00e9sidente Folquet.  La pr\u00e9sidente a mis en exergue les d\u00e9fis li\u00e9s \u00e0 une prise en charge continue, \u00e9quitable et humaine, dans un contexte o\u00f9 les contraintes sont multiples : manque de personnel, insuffisance de mat\u00e9riel, infrastructures limit\u00e9es, et surtout, n\u00e9cessit\u00e9 d\u2019une approche centr\u00e9e sur l\u2019\u00e9coute et la famille. Elle a, par ailleurs, salu\u00e9 l\u2019engagement du Dr Amos Ankotche, pr\u00e9sident du comit\u00e9 scientifique du congr\u00e8s, dont le programme \u00ab Changing Diabetes in Children \u00bb, en partenariat avec les laboratoires Novo Nordisk et le minist\u00e8re de la Sant\u00e9, a permis l\u2019impl\u00e9mentation du traitement du diab\u00e8te p\u00e9diatrique dans plusieurs centres hospitaliers de la C\u00f4te d\u2019Ivoire.<\/p>\n<p><strong>Une vision globale et multisectorielle<\/strong><\/p>\n<p>Le  Pr Amos Ankotche a, pour sa part,  replac\u00e9 les d\u00e9bats dans une perspective plus large. Il a rappel\u00e9 l\u2019\u00e9volution de la sant\u00e9 mondiale, marqu\u00e9e par la transition des maladies infectieuses vers les maladies chroniques. \u00ab La gestion de ces pathologies n\u00e9cessite une implication conjointe des professionnels de sant\u00e9, des familles, des d\u00e9cideurs publics et des communaut\u00e9s \u00bb, a-t-il insist\u00e9. Il a \u00e9voqu\u00e9 les Objectifs du Mill\u00e9naire pour le D\u00e9veloppement (OMD) et les Objectifs de D\u00e9veloppement Durable (ODD), qui placent la sant\u00e9 de l\u2019enfant et la r\u00e9duction des in\u00e9galit\u00e9s au c\u0153ur des priorit\u00e9s internationales. Pour lui, le d\u00e9veloppement durable passe aussi par une meilleure qualit\u00e9 de vie et un acc\u00e8s \u00e9quitable aux soins pour tous les enfants.<\/p>\n<p><strong>Un espace d\u2019\u00e9change et d\u2019engagement<\/strong><\/p>\n<p>Au-del\u00e0 des communications scientifiques, ce congr\u00e8s se veut un espace de v\u00e9rit\u00e9, de remise en question et de co-construction. Il aborde des questions essentielles : Comment garantir l\u2019acc\u00e8s aux soins dans les zones rurales ? Comment soutenir les familles face \u00e0 ces pathologies lourdes ? Comment humaniser la m\u00e9decine dans un syst\u00e8me hospitalier satur\u00e9 ? Ce congr\u00e8s est plac\u00e9 sous le haut patronage du Dr Eug\u00e8ne Aka Aou\u00e9l\u00e9, pr\u00e9sident du Conseil \u00e9conomique, social, environnemental et culturel, et le parrainage de Pierre Dimba, ministre de la Sant\u00e9, de l\u2019Hygi\u00e8ne publique et de la Couverture maladie universelle.  La c\u00e9r\u00e9monie d\u2019ouverture s\u2019est tenue en pr\u00e9sence d\u2019Augustin Thiam, ministre, gouverneur du District Autonome de Yamoussoukro, qui a salu\u00e9 l\u2019engagement des professionnels de sant\u00e9 et r\u00e9affirm\u00e9 le soutien des autorit\u00e9s \u00e0 toute initiative en faveur de la sant\u00e9 infantile.<\/p>\n<p><strong>Harry Diallo depuis Yamoussoukro<\/strong><\/p>\n","protected":false},"excerpt":{"rendered":"<p>La Fondation F\u00e9lix Houphou\u00ebt-Boigny pour la recherche de la paix \u00e0 Yamoussoukro accueille du mercredi 11 au vendredi 13 juin 2025, le 11\u1d49 Congr\u00e8s et la 21\u1d49 Journ\u00e9e de la Soci\u00e9t\u00e9 Ivoirienne de P\u00e9diatrie (SIP), sous le th\u00e8me \u2018\u2019 Les maladies chroniques de l\u2019enfant : actualit\u00e9s, d\u00e9fis et perspectives\u2019\u2019. Cette rencontre scientifique rassemble p\u00e9diatres, praticiens [&hellip;]<\/p>\n","protected":false},"author":4,"featured_media":38662,"comment_status":"closed","ping_status":"closed","sticky":false,"template":"","format":"standard","meta":{"_monsterinsights_skip_tracking":false,"_monsterinsights_sitenote_active":false,"_monsterinsights_sitenote_note":"","_monsterinsights_sitenote_category":0,"footnotes":""},"categories":[2,3],"tags":[5394,5395,5397,5398,5396,51],"class_list":["post-38659","post","type-post","status-publish","format-standard","has-post-thumbnail","hentry","category-featured","category-societe","tag-1-congres","tag-21-journee-de-la-societe-ivoirienne","tag-les-maladies-chroniques","tag-medicales","tag-pediatrie","tag-yamoussoukro"],"_links":{"self":[{"href":"https:\/\/www.lintelligentdabidjan.info\/news\/wp-json\/wp\/v2\/posts\/38659","targetHints":{"allow":["GET"]}}],"collection":[{"href":"https:\/\/www.lintelligentdabidjan.info\/news\/wp-json\/wp\/v2\/posts"}],"about":[{"href":"https:\/\/www.lintelligentdabidjan.info\/news\/wp-json\/wp\/v2\/types\/post"}],"author":[{"embeddable":true,"href":"https:\/\/www.lintelligentdabidjan.info\/news\/wp-json\/wp\/v2\/users\/4"}],"replies":[{"embeddable":true,"href":"https:\/\/www.lintelligentdabidjan.info\/news\/wp-json\/wp\/v2\/comments?post=38659"}],"version-history":[{"count":1,"href":"https:\/\/www.lintelligentdabidjan.info\/news\/wp-json\/wp\/v2\/posts\/38659\/revisions"}],"predecessor-version":[{"id":38661,"href":"https:\/\/www.lintelligentdabidjan.info\/news\/wp-json\/wp\/v2\/posts\/38659\/revisions\/38661"}],"wp:featuredmedia":[{"embeddable":true,"href":"https:\/\/www.lintelligentdabidjan.info\/news\/wp-json\/wp\/v2\/media\/38662"}],"wp:attachment":[{"href":"https:\/\/www.lintelligentdabidjan.info\/news\/wp-json\/wp\/v2\/media?parent=38659"}],"wp:term":[{"taxonomy":"category","embeddable":true,"href":"https:\/\/www.lintelligentdabidjan.info\/news\/wp-json\/wp\/v2\/categories?post=38659"},{"taxonomy":"post_tag","embeddable":true,"href":"https:\/\/www.lintelligentdabidjan.info\/news\/wp-json\/wp\/v2\/tags?post=38659"}],"curies":[{"name":"wp","href":"https:\/\/api.w.org\/{rel}","templated":true}]}}