{"id":38666,"date":"2025-06-13T07:38:11","date_gmt":"2025-06-13T05:38:11","guid":{"rendered":"https:\/\/www.lintelligentdabidjan.info\/news\/?p=38666"},"modified":"2025-06-13T07:38:57","modified_gmt":"2025-06-13T05:38:57","slug":"35%e1%b5%89-anniversaire-de-la-cie-les-grandes-articulations-devoilees","status":"publish","type":"post","link":"https:\/\/www.lintelligentdabidjan.info\/news\/35%e1%b5%89-anniversaire-de-la-cie-les-grandes-articulations-devoilees\/","title":{"rendered":"35\u1d49 anniversaire de la CIE-      Les grandes articulations d\u00e9voil\u00e9es"},"content":{"rendered":"<p><em><strong>Les grandes articulations de la c\u00e9l\u00e9bration du 35\u1d49 anniversaire de la CIE ont \u00e9t\u00e9 d\u00e9voil\u00e9es.<\/strong><\/em><\/p>\n<p>Les festivit\u00e9s marquant le 35\u1d49 anniversaire de la compagnie nationale en charge de la distribution et de la commercialisation de l&#8217;\u00e9lectricit\u00e9 en C\u00f4te d&#8217;Ivoire ont \u00e9t\u00e9 lanc\u00e9es le mardi 10 juin 2025, au Palais de la Culture d&#8217;Abidjan.<\/p>\n<p>Le directeur g\u00e9n\u00e9ral, Ahmadou Bakayoko, a pr\u00e9sent\u00e9 les acquis de cette entreprise cr\u00e9\u00e9e en 1990 :<\/p>\n<p>&#8220;Que de chemin parcouru. De 400 000 depuis 1990 \u00e0 5 millions d&#8217;abonn\u00e9s projet\u00e9s \u00e0 fin 2025. Je suis anim\u00e9 en ce moment pr\u00e9cis d&#8217;un sentiment d&#8217;immense fiert\u00e9. Fiert\u00e9 de diriger une entreprise qui, depuis 35 ans, illumine les foyers, alimente les industries et concourt activement au d\u00e9veloppement \u00e9conomique et social de notre cher pays. Aujourd&#8217;hui, gr\u00e2ce \u00e0 une politique \u00e9tatique ambitieuse et \u00e0 la capacit\u00e9 d&#8217;adaptation de nos \u00e9quipes, nous arrivons \u00e0 absorber une croissance fulgurante de pr\u00e8s de 500 \u00e0 600 000 nouveaux abonn\u00e9s chaque ann\u00e9e depuis 5 ans. C&#8217;est une donn\u00e9e qui t\u00e9moigne de notre r\u00e9silience, de notre capacit\u00e9 \u00e0 innover et de notre envie de renforcer notre r\u00f4le de partenaire de choix de l&#8217;\u00c9tat de C\u00f4te d&#8217;Ivoire qui recherche l&#8217;excellence (&#8230;) Cette r\u00e9ussite, nous la devons \u00e0 la vision audacieuse de nos pr\u00e9d\u00e9cesseurs, celle de b\u00e2tisseurs infatigables. C&#8217;est pourquoi ma premi\u00e8re pens\u00e9e, empreinte de gratitude, se tourne vers Monsieur le Pr\u00e9sident Marcel ZADI KESSY, concepteur d&#8217;un projet ambitieux qui a vu le jour en 1990 et qui continue de se d\u00e9velopper chaque jour davantage.&#8221;<\/p>\n<p><strong>Des festivit\u00e9s \u00e9clat\u00e9es \u00e0 Yamoussoukro, San-P\u00e9dro, Korhogo, Abengourou<\/strong><\/p>\n<p>Le comit\u00e9 d&#8217;organisation de cette c\u00e9l\u00e9bration, dirig\u00e9 par Mme Emma N&#8217;drin, a \u00e9labor\u00e9 un programme d&#8217;activit\u00e9s qui s&#8217;\u00e9tendra du mois de juin au mois de d\u00e9cembre 2025.<\/p>\n<p>&#8220;Le directeur g\u00e9n\u00e9ral a voulu que ce programme soit participatif, \u00e9clat\u00e9, pour permettre \u00e0 tous ses collaborateurs de prendre part \u00e0 toutes les activit\u00e9s pr\u00e9vues. Il s&#8217;agit aussi de rendre hommage \u00e0 nos devanciers qui ont trac\u00e9 les sillons et qui ont fait de cette entreprise ce qu&#8217;elle est aujourd&#8217;hui. Enfin, il y a la proximit\u00e9. Nous n&#8217;oublions pas nos clients, c&#8217;est pourquoi des journ\u00e9es portes ouvertes seront organis\u00e9es dans les diff\u00e9rentes localit\u00e9s retenues, \u00e0 savoir Yamoussoukro, San-P\u00e9dro, Korhogo et Abengourou&#8221;, a annonc\u00e9 Mme N&#8217;drin.<\/p>\n<p><strong>Olivier Dion<\/strong><\/p>\n","protected":false},"excerpt":{"rendered":"<p>Les grandes articulations de la c\u00e9l\u00e9bration du 35\u1d49 anniversaire de la CIE ont \u00e9t\u00e9 d\u00e9voil\u00e9es. Les festivit\u00e9s marquant le 35\u1d49 anniversaire de la compagnie nationale en charge de la distribution et de la commercialisation de l&#8217;\u00e9lectricit\u00e9 en C\u00f4te d&#8217;Ivoire ont \u00e9t\u00e9 lanc\u00e9es le mardi 10 juin 2025, au Palais de la Culture d&#8217;Abidjan. Le directeur [&hellip;]<\/p>\n","protected":false},"author":4,"featured_media":38667,"comment_status":"closed","ping_status":"closed","sticky":false,"template":"","format":"standard","meta":{"_monsterinsights_skip_tracking":false,"_monsterinsights_sitenote_active":false,"_monsterinsights_sitenote_note":"","_monsterinsights_sitenote_category":0,"footnotes":""},"categories":[2,3],"tags":[5401,2027],"class_list":["post-38666","post","type-post","status-publish","format-standard","has-post-thumbnail","hentry","category-featured","category-societe","tag-35-anniversaire-de-la-cie","tag-articulations"],"_links":{"self":[{"href":"https:\/\/www.lintelligentdabidjan.info\/news\/wp-json\/wp\/v2\/posts\/38666","targetHints":{"allow":["GET"]}}],"collection":[{"href":"https:\/\/www.lintelligentdabidjan.info\/news\/wp-json\/wp\/v2\/posts"}],"about":[{"href":"https:\/\/www.lintelligentdabidjan.info\/news\/wp-json\/wp\/v2\/types\/post"}],"author":[{"embeddable":true,"href":"https:\/\/www.lintelligentdabidjan.info\/news\/wp-json\/wp\/v2\/users\/4"}],"replies":[{"embeddable":true,"href":"https:\/\/www.lintelligentdabidjan.info\/news\/wp-json\/wp\/v2\/comments?post=38666"}],"version-history":[{"count":1,"href":"https:\/\/www.lintelligentdabidjan.info\/news\/wp-json\/wp\/v2\/posts\/38666\/revisions"}],"predecessor-version":[{"id":38668,"href":"https:\/\/www.lintelligentdabidjan.info\/news\/wp-json\/wp\/v2\/posts\/38666\/revisions\/38668"}],"wp:featuredmedia":[{"embeddable":true,"href":"https:\/\/www.lintelligentdabidjan.info\/news\/wp-json\/wp\/v2\/media\/38667"}],"wp:attachment":[{"href":"https:\/\/www.lintelligentdabidjan.info\/news\/wp-json\/wp\/v2\/media?parent=38666"}],"wp:term":[{"taxonomy":"category","embeddable":true,"href":"https:\/\/www.lintelligentdabidjan.info\/news\/wp-json\/wp\/v2\/categories?post=38666"},{"taxonomy":"post_tag","embeddable":true,"href":"https:\/\/www.lintelligentdabidjan.info\/news\/wp-json\/wp\/v2\/tags?post=38666"}],"curies":[{"name":"wp","href":"https:\/\/api.w.org\/{rel}","templated":true}]}}