{"id":38675,"date":"2025-06-13T07:49:32","date_gmt":"2025-06-13T05:49:32","guid":{"rendered":"https:\/\/www.lintelligentdabidjan.info\/news\/?p=38675"},"modified":"2025-06-13T07:49:37","modified_gmt":"2025-06-13T05:49:37","slug":"universite-de-daloa-les-capacites-du-personnel-renforcees-sur-lethique-et-la-deontologie","status":"publish","type":"post","link":"https:\/\/www.lintelligentdabidjan.info\/news\/universite-de-daloa-les-capacites-du-personnel-renforcees-sur-lethique-et-la-deontologie\/","title":{"rendered":"Universit\u00e9 de Daloa-  Les  capacit\u00e9s du personnel  renforc\u00e9es sur l\u2019\u00e9thique et la d\u00e9ontologie"},"content":{"rendered":"<p><em><strong>L\u2019Universit\u00e9 Jean Lorougnon Gu\u00e9d\u00e9 (UJLoG) a organis\u00e9, le mercredi 11 juin 2025 \u00e0 l\u2019amphith\u00e9\u00e2tre Tidou, une session de formation sur l\u2019\u00e9thique et la d\u00e9ontologie \u00e0 l\u2019intention de son personnel administratif, acad\u00e9mique, syndical et associatif. <\/strong><\/em><\/p>\n<p> Cette initiative vise \u00e0 vulgariser les nouvelles dispositions du statut g\u00e9n\u00e9ral de la Fonction publique, adopt\u00e9 le 23 novembre 2023. Ouvrant la session, la pr\u00e9sidente de l\u2019UJLoG, Professeure Adohi Krou Viviane, a insist\u00e9 sur l\u2019importance d\u2019un personnel engag\u00e9, respectueux des textes et anim\u00e9 par une conscience professionnelle forte.  \u00ab Il n\u2019y aura pas d\u2019universit\u00e9 d\u2019excellence sans un personnel responsable \u00bb, a-t-elle soulign\u00e9, appelant les agents \u00e0 s\u2019approprier leurs droits et devoirs. La pr\u00e9sidente de l\u2019UJLoG a r\u00e9affirm\u00e9 sa volont\u00e9 de faire de l\u2019universit\u00e9 une r\u00e9f\u00e9rence en mati\u00e8re de bonne gouvernance et de qualit\u00e9 du service public. La formation a \u00e9t\u00e9 assur\u00e9e par une d\u00e9l\u00e9gation du minist\u00e8re de la Fonction publique, conduite par Soro Gninagafol, Directeur G\u00e9n\u00e9ral de la Fonction publique.  Il a pr\u00e9sent\u00e9 les innovations du nouveau statut, dont le cong\u00e9 de paternit\u00e9, l\u2019extension de l\u2019indemnit\u00e9 de logement et l\u2019instauration d\u2019un syst\u00e8me d\u2019\u00e9valuation des agents. Les communications ont \u00e9galement port\u00e9 sur les droits et devoirs du fonctionnaire et sur la discipline administrative anim\u00e9es respectivement par Kon\u00e9 Zanga,  Directeur des Affaires juridiques et du contentieux, et Tuo Nagnon, Sous-directeur du Contentieux.<\/p>\n<p>Les \u00e9changes ont \u00e9t\u00e9 interactifs, avec des questions et des cas concrets soumis aux formateurs. Cette formation s\u2019inscrit dans la dynamique du programme gouvernemental \u00ab Une C\u00f4te d\u2019Ivoire solidaire \u00bb ax\u00e9 sur la modernisation de l\u2019administration publique.<\/p>\n<p><strong>Beker Yao<\/strong><\/p>\n","protected":false},"excerpt":{"rendered":"<p>L\u2019Universit\u00e9 Jean Lorougnon Gu\u00e9d\u00e9 (UJLoG) a organis\u00e9, le mercredi 11 juin 2025 \u00e0 l\u2019amphith\u00e9\u00e2tre Tidou, une session de formation sur l\u2019\u00e9thique et la d\u00e9ontologie \u00e0 l\u2019intention de son personnel administratif, acad\u00e9mique, syndical et associatif. Cette initiative vise \u00e0 vulgariser les nouvelles dispositions du statut g\u00e9n\u00e9ral de la Fonction publique, adopt\u00e9 le 23 novembre 2023. Ouvrant [&hellip;]<\/p>\n","protected":false},"author":4,"featured_media":38676,"comment_status":"closed","ping_status":"closed","sticky":false,"template":"","format":"standard","meta":{"_monsterinsights_skip_tracking":false,"_monsterinsights_sitenote_active":false,"_monsterinsights_sitenote_note":"","_monsterinsights_sitenote_category":0,"footnotes":""},"categories":[2,3],"tags":[5405,5404,1357],"class_list":["post-38675","post","type-post","status-publish","format-standard","has-post-thumbnail","hentry","category-featured","category-societe","tag-deontologie","tag-lethique","tag-universite-de-daloa"],"_links":{"self":[{"href":"https:\/\/www.lintelligentdabidjan.info\/news\/wp-json\/wp\/v2\/posts\/38675","targetHints":{"allow":["GET"]}}],"collection":[{"href":"https:\/\/www.lintelligentdabidjan.info\/news\/wp-json\/wp\/v2\/posts"}],"about":[{"href":"https:\/\/www.lintelligentdabidjan.info\/news\/wp-json\/wp\/v2\/types\/post"}],"author":[{"embeddable":true,"href":"https:\/\/www.lintelligentdabidjan.info\/news\/wp-json\/wp\/v2\/users\/4"}],"replies":[{"embeddable":true,"href":"https:\/\/www.lintelligentdabidjan.info\/news\/wp-json\/wp\/v2\/comments?post=38675"}],"version-history":[{"count":1,"href":"https:\/\/www.lintelligentdabidjan.info\/news\/wp-json\/wp\/v2\/posts\/38675\/revisions"}],"predecessor-version":[{"id":38677,"href":"https:\/\/www.lintelligentdabidjan.info\/news\/wp-json\/wp\/v2\/posts\/38675\/revisions\/38677"}],"wp:featuredmedia":[{"embeddable":true,"href":"https:\/\/www.lintelligentdabidjan.info\/news\/wp-json\/wp\/v2\/media\/38676"}],"wp:attachment":[{"href":"https:\/\/www.lintelligentdabidjan.info\/news\/wp-json\/wp\/v2\/media?parent=38675"}],"wp:term":[{"taxonomy":"category","embeddable":true,"href":"https:\/\/www.lintelligentdabidjan.info\/news\/wp-json\/wp\/v2\/categories?post=38675"},{"taxonomy":"post_tag","embeddable":true,"href":"https:\/\/www.lintelligentdabidjan.info\/news\/wp-json\/wp\/v2\/tags?post=38675"}],"curies":[{"name":"wp","href":"https:\/\/api.w.org\/{rel}","templated":true}]}}