{"id":38689,"date":"2025-06-16T07:16:37","date_gmt":"2025-06-16T05:16:37","guid":{"rendered":"https:\/\/www.lintelligentdabidjan.info\/news\/?p=38689"},"modified":"2025-06-16T07:16:54","modified_gmt":"2025-06-16T05:16:54","slug":"union-des-journalistes-de-bingerville-philippe-kla-designe-president-par-acclamation","status":"publish","type":"post","link":"https:\/\/www.lintelligentdabidjan.info\/news\/union-des-journalistes-de-bingerville-philippe-kla-designe-president-par-acclamation\/","title":{"rendered":"Union des Journalistes de Bingerville :  Philippe Kla d\u00e9sign\u00e9 pr\u00e9sident par acclamation"},"content":{"rendered":"<p><strong>Philippe Kla d\u00e9sign\u00e9 pr\u00e9sident de l\u2019 Union des Journalistes de Bingerville  par acclamation. <\/strong><\/p>\n<p>\u00c0 l\u2019issue de l\u2019Assembl\u00e9e g\u00e9n\u00e9rale \u00e9lective tenue le 14 juin 2025 dans la salle de conf\u00e9rence de l\u2019ONG WANEP-CI \u00e0 Bingerville, Philippe Kla, Directeur de publication du site lavenir.ci, a \u00e9t\u00e9 proclam\u00e9 pr\u00e9sident de l\u2019Union des Journalistes et Professionnels de la Communication de Bingerville (UNJPCB).<\/p>\n<p>Candidat unique, il a \u00e9t\u00e9 d\u00e9sign\u00e9 par acclamation au cours du vote qui a marqu\u00e9 cette rencontre. Dans ses nouvelles fonctions, Philippe Kla ambitionne d\u2019insuffler une dynamique nouvelle \u00e0 l\u2019UNJPCB, en la positionnant comme un v\u00e9ritable levier de solidarit\u00e9 et d\u2019unit\u00e9. Il a affirm\u00e9 sa volont\u00e9 de renforcer la coh\u00e9sion et de promouvoir l\u2019entraide, principes fondamentaux de l\u2019association.<\/p>\n<p>Le nouveau pr\u00e9sident exprime sa confiance quant au succ\u00e8s de sa gestion \u00e0 la t\u00eate de l\u2019UNJPCB, affirmant que \u00ab les membres du bureau sauront honorer la confiance que vous leur t\u00e9moignez aujourd&#8217;hui. Nous serons pr\u00e9sents pour vous, nous serons d\u00e9termin\u00e9s, et constamment dans la r\u00e9flexion pour surmonter les d\u00e9fis qui nous attendent. Alors, au travail ! \u00bb a-t-il proclam\u00e9 Philippe Kla.<\/p>\n<p>Mme Marie Laure N&#8217;Goran, membre d&#8217;honneur de l&#8217;Union, et Mme Porquet, directrice de l&#8217;h\u00f4pital psychiatrique de Bingerville, ont exprim\u00e9 leur satisfaction face \u00e0 cette nouvelle impulsion pour l&#8217;UNJPCB. Elles ont encourag\u00e9 la coh\u00e9sion et la solidarit\u00e9 pour que l&#8217;Union puisse relever les d\u00e9fis futurs.<br \/>\nEn pr\u00e9lude \u00e0 cette Assembl\u00e9e G\u00e9n\u00e9rale Constitutive et \u00c9lective,le Pr\u00e9sident du Comit\u00e9 ad&#8217;hoc Tano Kosso ou Fid\u00e8le ,Directeur de Publication du site Afrikexpress.info,\u00e0 charge de l&#8217;organisation a propos\u00e9 des textes devant r\u00e9gir le fonctionnement de cette entit\u00e9 et qui ont \u00e9t\u00e9 adopt\u00e9s .Les postes de commissariat aux comptes seront pourvus au cours d&#8217;une r\u00e9union en ligne selon la d\u00e9cision de l&#8217;assembl\u00e9e. <\/p>\n<p><strong>Mamadou Ouattara <\/strong><\/p>\n","protected":false},"excerpt":{"rendered":"<p>Philippe Kla d\u00e9sign\u00e9 pr\u00e9sident de l\u2019 Union des Journalistes de Bingerville par acclamation. \u00c0 l\u2019issue de l\u2019Assembl\u00e9e g\u00e9n\u00e9rale \u00e9lective tenue le 14 juin 2025 dans la salle de conf\u00e9rence de l\u2019ONG WANEP-CI \u00e0 Bingerville, Philippe Kla, Directeur de publication du site lavenir.ci, a \u00e9t\u00e9 proclam\u00e9 pr\u00e9sident de l\u2019Union des Journalistes et Professionnels de la Communication [&hellip;]<\/p>\n","protected":false},"author":4,"featured_media":38690,"comment_status":"closed","ping_status":"closed","sticky":false,"template":"","format":"standard","meta":{"_monsterinsights_skip_tracking":false,"_monsterinsights_sitenote_active":false,"_monsterinsights_sitenote_note":"","_monsterinsights_sitenote_category":0,"footnotes":""},"categories":[2,3],"tags":[5411,5410,5409],"class_list":["post-38689","post","type-post","status-publish","format-standard","has-post-thumbnail","hentry","category-featured","category-societe","tag-acclamation","tag-philippe-kla","tag-union-des-journalistes-de-bingerville"],"_links":{"self":[{"href":"https:\/\/www.lintelligentdabidjan.info\/news\/wp-json\/wp\/v2\/posts\/38689","targetHints":{"allow":["GET"]}}],"collection":[{"href":"https:\/\/www.lintelligentdabidjan.info\/news\/wp-json\/wp\/v2\/posts"}],"about":[{"href":"https:\/\/www.lintelligentdabidjan.info\/news\/wp-json\/wp\/v2\/types\/post"}],"author":[{"embeddable":true,"href":"https:\/\/www.lintelligentdabidjan.info\/news\/wp-json\/wp\/v2\/users\/4"}],"replies":[{"embeddable":true,"href":"https:\/\/www.lintelligentdabidjan.info\/news\/wp-json\/wp\/v2\/comments?post=38689"}],"version-history":[{"count":1,"href":"https:\/\/www.lintelligentdabidjan.info\/news\/wp-json\/wp\/v2\/posts\/38689\/revisions"}],"predecessor-version":[{"id":38691,"href":"https:\/\/www.lintelligentdabidjan.info\/news\/wp-json\/wp\/v2\/posts\/38689\/revisions\/38691"}],"wp:featuredmedia":[{"embeddable":true,"href":"https:\/\/www.lintelligentdabidjan.info\/news\/wp-json\/wp\/v2\/media\/38690"}],"wp:attachment":[{"href":"https:\/\/www.lintelligentdabidjan.info\/news\/wp-json\/wp\/v2\/media?parent=38689"}],"wp:term":[{"taxonomy":"category","embeddable":true,"href":"https:\/\/www.lintelligentdabidjan.info\/news\/wp-json\/wp\/v2\/categories?post=38689"},{"taxonomy":"post_tag","embeddable":true,"href":"https:\/\/www.lintelligentdabidjan.info\/news\/wp-json\/wp\/v2\/tags?post=38689"}],"curies":[{"name":"wp","href":"https:\/\/api.w.org\/{rel}","templated":true}]}}