{"id":38701,"date":"2025-06-16T07:31:18","date_gmt":"2025-06-16T05:31:18","guid":{"rendered":"https:\/\/www.lintelligentdabidjan.info\/news\/?p=38701"},"modified":"2025-06-16T07:31:22","modified_gmt":"2025-06-16T05:31:22","slug":"developpement-harmonieux-le-senat-adopte-quatre-projets-de-loi","status":"publish","type":"post","link":"https:\/\/www.lintelligentdabidjan.info\/news\/developpement-harmonieux-le-senat-adopte-quatre-projets-de-loi\/","title":{"rendered":"D\u00e9veloppement harmonieux :  Le S\u00e9nat adopte quatre projets de loi"},"content":{"rendered":"<p><strong>Repr\u00e9sentant le ministre des Affaires \u00e9trang\u00e8res, de l\u2019Int\u00e9gration africaine et des Ivoiriens de l\u2019ext\u00e9rieur, Kacou Houaja L\u00e9on Adom, en mission \u00e0 l\u2019\u00e9tranger, le ministre de l\u2019Enseignement technique, de la Formation professionnelle et de l\u2019Apprentissage,  Koffi N\u2019Guessan, a pr\u00e9sent\u00e9, le vendredi 13 juin 2025, \u00e0 la Fondation F\u00e9lix Houphou\u00ebt-Boigny pour la Recherche de la Paix \u00e0 Yamoussoukro, quatre projets de loi \u00e0 port\u00e9e sociale, \u00e9conomique et diplomatique devant les membres de la commission des Relations Ext\u00e9rieures et des Ivoiriens \u00e9tablis hors de C\u00f4te d\u2019Ivoire (CREIHCI), sous la pr\u00e9sidence d\u2019 Alcide Dj\u00e9dj\u00e9.<\/strong><\/p>\n<p>Les quatre textes examin\u00e9s concernent : La ratification du protocole facultatif se rapportant \u00e0 la Convention relative aux droits des personnes handicap\u00e9es, adopt\u00e9 le 13 d\u00e9cembre 2006 \u00e0 New York ; la ratification de la Convention entre la C\u00f4te d\u2019Ivoire et l\u2019\u00c9tat du Qatar visant \u00e0 pr\u00e9venir la double imposition et \u00e0 lutter contre la fraude et l\u2019\u00e9vasion fiscales en mati\u00e8re d\u2019imp\u00f4ts sur le revenu, sign\u00e9e le 7 d\u00e9cembre 2022 \u00e0 Doha ; la ratification de l\u2019accord portant \u00e9tablissement de la Banque de D\u00e9veloppement SHELTER-AFRIQUE  et la ratification du Trait\u00e9 relatif \u00e0 la cr\u00e9ation du Corridor de transport Praia-Dakar-Abidjan.<\/p>\n<p>Dans son intervention, le ministre Koffi N\u2019Guessan  a soulign\u00e9 l\u2019importance strat\u00e9gique de ces projets de loi dans le cadre de la vision du Pr\u00e9sident de la R\u00e9publique,  Alassane Ouattara, pour une \u00ab C\u00f4te d\u2019Ivoire solidaire \u00bb.  Selon l\u2019\u00e9missaire du gouvernement, ces textes traduisent la volont\u00e9 du gouvernement de promouvoir l\u2019inclusion sociale, notamment des personnes en situation de handicap, le d\u00e9veloppement des infrastructures r\u00e9gionales, et le renforcement de la coop\u00e9ration internationale. Il a rappel\u00e9 que des mesures concr\u00e8tes ont d\u00e9j\u00e0 \u00e9t\u00e9 prises par l\u2019\u00c9tat, \u00ab  \u00e0 l\u2019instar de l\u2019int\u00e9gration annuelle de pr\u00e8s de 200 personnes handicap\u00e9es dans la Fonction publique et de la cr\u00e9ation d\u2019\u00e9coles sp\u00e9cialis\u00e9es pour sourds-muets et malvoyants. \u00bb.   Sur  la ratification de la Convention entre la C\u00f4te d\u2019Ivoire et l\u2019\u00c9tat du Qatar, le ministre  Koffi N\u2019guessan a relev\u00e9 qu\u2019  elle permettra de contribuer \u00e0 renforcer l\u2019attractivit\u00e9 de la C\u00f4te d\u2019Ivoire \u00e0 l\u2019endroit des investisseurs qataris et \u00e0 offrir des opportunit\u00e9s d\u2019affaires aux entreprises ivoiriennes au Qatar.<\/p>\n<p>Par ailleurs, la ratification de l\u2019accord sur SHELTER-AFRIQUE et celle du trait\u00e9 sur le corridor de transport Praia-Dakar-Abidjan, a fait savoir l\u2019orateur du jour, permettront \u00e9galement \u00e0 la C\u00f4te d\u2019Ivoire d\u2019accro\u00eetre ses capacit\u00e9s en mati\u00e8re de logement et de mobilit\u00e9, au b\u00e9n\u00e9fice de toutes les couches sociales.<\/p>\n<p>Au terme des discussions, les quatre projets de loi ont \u00e9t\u00e9 adopt\u00e9s \u00e0 l\u2019unanimit\u00e9 par les membres de la Commission.<\/p>\n<p> Pour reste, le ministre a salu\u00e9 le travail approfondi des s\u00e9nateurs ainsi que leur engagement \u00e0 am\u00e9liorer les textes \u00e0 travers des recommandations pertinentes.<\/p>\n<p><strong> Harry Diallo depuis Yamoussoukro<\/strong><\/p>\n","protected":false},"excerpt":{"rendered":"<p>Repr\u00e9sentant le ministre des Affaires \u00e9trang\u00e8res, de l\u2019Int\u00e9gration africaine et des Ivoiriens de l\u2019ext\u00e9rieur, Kacou Houaja L\u00e9on Adom, en mission \u00e0 l\u2019\u00e9tranger, le ministre de l\u2019Enseignement technique, de la Formation professionnelle et de l\u2019Apprentissage, Koffi N\u2019Guessan, a pr\u00e9sent\u00e9, le vendredi 13 juin 2025, \u00e0 la Fondation F\u00e9lix Houphou\u00ebt-Boigny pour la Recherche de la Paix \u00e0 [&hellip;]<\/p>\n","protected":false},"author":4,"featured_media":38702,"comment_status":"closed","ping_status":"closed","sticky":false,"template":"","format":"standard","meta":{"_monsterinsights_skip_tracking":false,"_monsterinsights_sitenote_active":false,"_monsterinsights_sitenote_note":"","_monsterinsights_sitenote_category":0,"footnotes":""},"categories":[2,3],"tags":[2728,5417,74,2767,565],"class_list":["post-38701","post","type-post","status-publish","format-standard","has-post-thumbnail","hentry","category-featured","category-societe","tag-adopte","tag-developpement-harmonieux","tag-loi","tag-projets","tag-senat"],"_links":{"self":[{"href":"https:\/\/www.lintelligentdabidjan.info\/news\/wp-json\/wp\/v2\/posts\/38701","targetHints":{"allow":["GET"]}}],"collection":[{"href":"https:\/\/www.lintelligentdabidjan.info\/news\/wp-json\/wp\/v2\/posts"}],"about":[{"href":"https:\/\/www.lintelligentdabidjan.info\/news\/wp-json\/wp\/v2\/types\/post"}],"author":[{"embeddable":true,"href":"https:\/\/www.lintelligentdabidjan.info\/news\/wp-json\/wp\/v2\/users\/4"}],"replies":[{"embeddable":true,"href":"https:\/\/www.lintelligentdabidjan.info\/news\/wp-json\/wp\/v2\/comments?post=38701"}],"version-history":[{"count":1,"href":"https:\/\/www.lintelligentdabidjan.info\/news\/wp-json\/wp\/v2\/posts\/38701\/revisions"}],"predecessor-version":[{"id":38703,"href":"https:\/\/www.lintelligentdabidjan.info\/news\/wp-json\/wp\/v2\/posts\/38701\/revisions\/38703"}],"wp:featuredmedia":[{"embeddable":true,"href":"https:\/\/www.lintelligentdabidjan.info\/news\/wp-json\/wp\/v2\/media\/38702"}],"wp:attachment":[{"href":"https:\/\/www.lintelligentdabidjan.info\/news\/wp-json\/wp\/v2\/media?parent=38701"}],"wp:term":[{"taxonomy":"category","embeddable":true,"href":"https:\/\/www.lintelligentdabidjan.info\/news\/wp-json\/wp\/v2\/categories?post=38701"},{"taxonomy":"post_tag","embeddable":true,"href":"https:\/\/www.lintelligentdabidjan.info\/news\/wp-json\/wp\/v2\/tags?post=38701"}],"curies":[{"name":"wp","href":"https:\/\/api.w.org\/{rel}","templated":true}]}}