{"id":38713,"date":"2025-06-17T07:03:32","date_gmt":"2025-06-17T05:03:32","guid":{"rendered":"https:\/\/www.lintelligentdabidjan.info\/news\/?p=38713"},"modified":"2025-06-17T07:03:40","modified_gmt":"2025-06-17T05:03:40","slug":"dedicace-litteraire-noe-moise-kossonou-appelle-a-une-nouvelle-trajectoire-pour-la-cote-divoire","status":"publish","type":"post","link":"https:\/\/www.lintelligentdabidjan.info\/news\/dedicace-litteraire-noe-moise-kossonou-appelle-a-une-nouvelle-trajectoire-pour-la-cote-divoire\/","title":{"rendered":"D\u00e9dicace litt\u00e9raire-   No\u00e9 Mo\u00efse Kossonou appelle \u00e0 une nouvelle trajectoire pour la C\u00f4te d\u2019Ivoire"},"content":{"rendered":"<p><strong>L\u2019\u00e9crivain ivoirien No\u00e9 Mo\u00efse Kossonou a proc\u00e9d\u00e9 \u00e0 la d\u00e9dicace de son nouvel ouvrage \u00ab Levez-vous ! N\u2019ayez pas peur \u00bb, le samedi 14 juin 2025 \u00e0 Abidjan-Marcory.<\/strong><\/p>\n<p> \u00c0 cette occasion, l&#8217;auteur a lanc\u00e9 un appel \u00e0 la responsabilit\u00e9 citoyenne et \u00e0 l\u2019unit\u00e9 nationale. Publi\u00e9 aux \u00c9ditions CERAP, ce livre se pr\u00e9sente comme une interpellation citoyenne, d\u00e9non\u00e7ant les d\u00e9rives du mod\u00e8le sociopolitique actuel qu\u2019il juge \u00e9loign\u00e9 des v\u00e9ritables aspirations du peuple ivoirien. \u00ab Nous sommes dans une situation extr\u00eamement pr\u00e9occupante. J\u2019ai estim\u00e9 qu\u2019il \u00e9tait important de r\u00e9fl\u00e9chir et d\u2019attirer l\u2019attention sur la trajectoire que prend notre pays. Elle est \u00e0 l\u2019oppos\u00e9 de celle qui pourrait nous conduire \u00e0 b\u00e2tir une nation forte, juste, o\u00f9 chaque Ivoirien est respect\u00e9 et trait\u00e9 \u00e0 \u00e9galit\u00e9 \u00bb, a d\u00e9clar\u00e9 No\u00e9 Mo\u00efse Kossonou.<br \/>\nSelon l&#8217;auteur, les gouvernants ne sont que des mandataires du peuple, leur l\u00e9gitimit\u00e9 vient de la volont\u00e9 populaire. Avant d&#8217;ajouter qu\u2019il ne s\u2019inscrit dans aucune d\u00e9marche politique partisane. Pour No\u00e9 Mo\u00efse Kossonou, il est urgent que les Ivoiriens se rassemblent autour d\u2019un leadership soucieux de l\u2019int\u00e9r\u00eat g\u00e9n\u00e9ral. \u00ab Lorsqu\u2019un peuple est uni autour de son chef, ce dernier comprend qu\u2019il n\u2019est chef que parce qu\u2019il est au service du peuple. Et quand les citoyens se sentent \u00e9cout\u00e9s, respect\u00e9s, ils soutiennent leur dirigeant et prient m\u00eame pour sa r\u00e9ussite \u00bb, a-t-il soulign\u00e9.<br \/>\nLe  journaliste Alain Focard, pr\u00e9facier de l\u2019ouvrage, a salu\u00e9 une initiative , appelant \u00e0 davantage de dialogue intellectuel et de pens\u00e9e autonome en Afrique. Il a exhort\u00e9 les Ivoiriens \u00e0 construire un mod\u00e8le soci\u00e9tal adapt\u00e9 \u00e0 leurs r\u00e9alit\u00e9s, affranchi des sch\u00e9mas import\u00e9s. De son c\u00f4t\u00e9, Me N\u2019Dri Claver Kouadio, avocat et postfacier du livre, a mis en lumi\u00e8re la dimension r\u00e9flexive et pacifiste du texte, qu\u2019il qualifie d\u2019\u00ab appel \u00e0 la conscience collective \u00bb. Il a plaid\u00e9 pour un engagement citoyen ferme mais pacifique, dans la perspective d\u2019un avenir meilleur pour la nation. Natif d\u2019Assu\u00e9fry, No\u00e9 Mo\u00efse Kossonou est \u00e9galement l\u2019auteur de l\u2019essai \u00ab Non ! \u00c7a doit changer \u00bb, paru en 2021, dans lequel il posait d\u00e9j\u00e0 les bases d\u2019une r\u00e9flexion sur la transformation sociale et politique du pays.<\/p>\n<p><strong>Mamadou Ouattara avec Ly Abdul <\/strong><\/p>\n","protected":false},"excerpt":{"rendered":"<p>L\u2019\u00e9crivain ivoirien No\u00e9 Mo\u00efse Kossonou a proc\u00e9d\u00e9 \u00e0 la d\u00e9dicace de son nouvel ouvrage \u00ab Levez-vous ! N\u2019ayez pas peur \u00bb, le samedi 14 juin 2025 \u00e0 Abidjan-Marcory. \u00c0 cette occasion, l&#8217;auteur a lanc\u00e9 un appel \u00e0 la responsabilit\u00e9 citoyenne et \u00e0 l\u2019unit\u00e9 nationale. Publi\u00e9 aux \u00c9ditions CERAP, ce livre se pr\u00e9sente comme une interpellation [&hellip;]<\/p>\n","protected":false},"author":4,"featured_media":38714,"comment_status":"closed","ping_status":"closed","sticky":false,"template":"","format":"standard","meta":{"_monsterinsights_skip_tracking":false,"_monsterinsights_sitenote_active":false,"_monsterinsights_sitenote_note":"","_monsterinsights_sitenote_category":0,"footnotes":""},"categories":[2,20],"tags":[77,1142,5424,5425],"class_list":["post-38713","post","type-post","status-publish","format-standard","has-post-thumbnail","hentry","category-featured","category-art-et-culture","tag-cote-divoire","tag-dedicace-litteraire","tag-noe-moise-kossonou","tag-trajectoire"],"_links":{"self":[{"href":"https:\/\/www.lintelligentdabidjan.info\/news\/wp-json\/wp\/v2\/posts\/38713","targetHints":{"allow":["GET"]}}],"collection":[{"href":"https:\/\/www.lintelligentdabidjan.info\/news\/wp-json\/wp\/v2\/posts"}],"about":[{"href":"https:\/\/www.lintelligentdabidjan.info\/news\/wp-json\/wp\/v2\/types\/post"}],"author":[{"embeddable":true,"href":"https:\/\/www.lintelligentdabidjan.info\/news\/wp-json\/wp\/v2\/users\/4"}],"replies":[{"embeddable":true,"href":"https:\/\/www.lintelligentdabidjan.info\/news\/wp-json\/wp\/v2\/comments?post=38713"}],"version-history":[{"count":1,"href":"https:\/\/www.lintelligentdabidjan.info\/news\/wp-json\/wp\/v2\/posts\/38713\/revisions"}],"predecessor-version":[{"id":38715,"href":"https:\/\/www.lintelligentdabidjan.info\/news\/wp-json\/wp\/v2\/posts\/38713\/revisions\/38715"}],"wp:featuredmedia":[{"embeddable":true,"href":"https:\/\/www.lintelligentdabidjan.info\/news\/wp-json\/wp\/v2\/media\/38714"}],"wp:attachment":[{"href":"https:\/\/www.lintelligentdabidjan.info\/news\/wp-json\/wp\/v2\/media?parent=38713"}],"wp:term":[{"taxonomy":"category","embeddable":true,"href":"https:\/\/www.lintelligentdabidjan.info\/news\/wp-json\/wp\/v2\/categories?post=38713"},{"taxonomy":"post_tag","embeddable":true,"href":"https:\/\/www.lintelligentdabidjan.info\/news\/wp-json\/wp\/v2\/tags?post=38713"}],"curies":[{"name":"wp","href":"https:\/\/api.w.org\/{rel}","templated":true}]}}