{"id":38732,"date":"2025-06-17T07:32:47","date_gmt":"2025-06-17T05:32:47","guid":{"rendered":"https:\/\/www.lintelligentdabidjan.info\/news\/?p=38732"},"modified":"2025-06-17T07:33:46","modified_gmt":"2025-06-17T05:33:46","slug":"dabakala-coulibaly-bamory-annonce-la-2e-edition-du-forum-des-entrepreneurs","status":"publish","type":"post","link":"https:\/\/www.lintelligentdabidjan.info\/news\/dabakala-coulibaly-bamory-annonce-la-2e-edition-du-forum-des-entrepreneurs\/","title":{"rendered":"Dabakala- Coulibaly Bamory annonce la 2\u00e8 \u00e9dition du Forum des Entrepreneurs"},"content":{"rendered":"<p><em><strong>Le pr\u00e9sident de la Jeunesse Innovante de Dabakala (JID), Coulibaly Bamory, a anim\u00e9 une conf\u00e9rence de presse le dimanche 15 juin 2025, pour annoncer  la tenue de la deuxi\u00e8me \u00e9dition du Forum des Entrepreneurs de Dabakala. L\u2019\u00e9v\u00e9nement se d\u00e9roulera les 23 et 24 ao\u00fbt 2025 dans les locaux de la mairie de  cette ville.<\/strong><\/em><\/p>\n<p>Plac\u00e9e sous le th\u00e8me \u00ab Transformation digitale et entrepreneuriat : d\u00e9fis et opportunit\u00e9s pour les jeunes entrepreneurs \u00bb, cette \u00e9dition vise \u00e0 accompagner les jeunes porteurs de projets dans l\u2019adoption des outils num\u00e9riques afin d&#8217;am\u00e9liorer leur comp\u00e9titivit\u00e9 et renforcer leur impact \u00e9conomique local.  Coulibaly Bamory a soulign\u00e9 que cette deuxi\u00e8me \u00e9dition comportera des panels, des expositions, des campagnes de sensibilisation ainsi que des sessions de formation. L\u2019\u00e9l\u00e9ment-phare sera la formation de plus de 150 jeunes, avec une attention particuli\u00e8re port\u00e9e \u00e0 l\u2019autonomisation des filles et des jeunes entrepreneurs. \u00ab Former plus de 150 jeunes cette ann\u00e9e, c\u2019est une r\u00e9elle opportunit\u00e9 offerte \u00e0 une jeunesse en qu\u00eate d\u2019autonomie et d\u2019entrepreneuriat. Cette initiative contribuera de fa\u00e7on significative \u00e0 la lutte contre le ch\u00f4mage \u00e0 Dabakala \u00bb, a-t-il d\u00e9clar\u00e9. Par ailleurs, le pr\u00e9sident de la JID a lanc\u00e9 un appel pressant aux autorit\u00e9s locales, aux cadres, aux entrepreneurs et aux entreprises de la r\u00e9gion afin qu\u2019ils s\u2019associent pleinement \u00e0 cette initiative pour en garantir la r\u00e9ussite.<br \/>\n\u00ab Nous souhaitons vivement l\u2019accompagnement des autorit\u00e9s et du tissu \u00e9conomique local. Ensemble, nous pouvons apporter des solutions concr\u00e8tes \u00e0 la probl\u00e9matique de l\u2019employabilit\u00e9 des jeunes \u00bb, a-t-il plaid\u00e9.<br \/>\n\u00ab Nous invitons nos cadres \u00e0 soutenir cette jeunesse qui a choisi d\u2019entreprendre, \u00e0 l\u2019aider \u00e0 trouver sa voie afin de contribuer au d\u00e9veloppement local \u00bb, a-t-il ajout\u00e9.<\/p>\n<p>Coulibaly Bamory a \u00e9galement exhort\u00e9 l\u2019ensemble de la jeunesse de Dabakala \u00e0 s\u2019impliquer activement pour faire de ce forum un v\u00e9ritable carrefour de l\u2019innovation et de l\u2019entrepreneuriat.<br \/>\n\u00ab Nous lan\u00e7ons un appel \u00e0 toute la jeunesse de Dabakala : prenez ce forum \u00e0 bras-le-corps. C\u2019est une occasion unique pour vous former, r\u00e9seauter et construire l\u2019avenir \u00bb, a-t-il conclu.<\/p>\n<p>Selon les organisateurs, plus de 500 participants et plusieurs panelistes de renom sont attendus \u00e0 cet \u00e9v\u00e9nement qui se veut une plateforme de valorisation du potentiel entrepreneurial local.<\/p>\n<p><strong>Nambac\u00e9r\u00e9 Jo\u00ebl <\/strong><\/p>\n","protected":false},"excerpt":{"rendered":"<p>Le pr\u00e9sident de la Jeunesse Innovante de Dabakala (JID), Coulibaly Bamory, a anim\u00e9 une conf\u00e9rence de presse le dimanche 15 juin 2025, pour annoncer la tenue de la deuxi\u00e8me \u00e9dition du Forum des Entrepreneurs de Dabakala. L\u2019\u00e9v\u00e9nement se d\u00e9roulera les 23 et 24 ao\u00fbt 2025 dans les locaux de la mairie de cette ville. Plac\u00e9e [&hellip;]<\/p>\n","protected":false},"author":4,"featured_media":38733,"comment_status":"closed","ping_status":"closed","sticky":false,"template":"","format":"standard","meta":{"_monsterinsights_skip_tracking":false,"_monsterinsights_sitenote_active":false,"_monsterinsights_sitenote_note":"","_monsterinsights_sitenote_category":0,"footnotes":""},"categories":[2,3],"tags":[5436,5435,3313,5437],"class_list":["post-38732","post","type-post","status-publish","format-standard","has-post-thumbnail","hentry","category-featured","category-societe","tag-2e-edition-du-forum","tag-coulibaly-bamory","tag-dabakala","tag-entrepreneurs"],"_links":{"self":[{"href":"https:\/\/www.lintelligentdabidjan.info\/news\/wp-json\/wp\/v2\/posts\/38732","targetHints":{"allow":["GET"]}}],"collection":[{"href":"https:\/\/www.lintelligentdabidjan.info\/news\/wp-json\/wp\/v2\/posts"}],"about":[{"href":"https:\/\/www.lintelligentdabidjan.info\/news\/wp-json\/wp\/v2\/types\/post"}],"author":[{"embeddable":true,"href":"https:\/\/www.lintelligentdabidjan.info\/news\/wp-json\/wp\/v2\/users\/4"}],"replies":[{"embeddable":true,"href":"https:\/\/www.lintelligentdabidjan.info\/news\/wp-json\/wp\/v2\/comments?post=38732"}],"version-history":[{"count":1,"href":"https:\/\/www.lintelligentdabidjan.info\/news\/wp-json\/wp\/v2\/posts\/38732\/revisions"}],"predecessor-version":[{"id":38734,"href":"https:\/\/www.lintelligentdabidjan.info\/news\/wp-json\/wp\/v2\/posts\/38732\/revisions\/38734"}],"wp:featuredmedia":[{"embeddable":true,"href":"https:\/\/www.lintelligentdabidjan.info\/news\/wp-json\/wp\/v2\/media\/38733"}],"wp:attachment":[{"href":"https:\/\/www.lintelligentdabidjan.info\/news\/wp-json\/wp\/v2\/media?parent=38732"}],"wp:term":[{"taxonomy":"category","embeddable":true,"href":"https:\/\/www.lintelligentdabidjan.info\/news\/wp-json\/wp\/v2\/categories?post=38732"},{"taxonomy":"post_tag","embeddable":true,"href":"https:\/\/www.lintelligentdabidjan.info\/news\/wp-json\/wp\/v2\/tags?post=38732"}],"curies":[{"name":"wp","href":"https:\/\/api.w.org\/{rel}","templated":true}]}}