{"id":38738,"date":"2025-06-17T07:39:44","date_gmt":"2025-06-17T05:39:44","guid":{"rendered":"https:\/\/www.lintelligentdabidjan.info\/news\/?p=38738"},"modified":"2025-06-17T07:39:57","modified_gmt":"2025-06-17T05:39:57","slug":"solidarite-feminine-a-grand-bassam-la-fondation-tall-madina-lance-la-premiere-edition-du-seliba-sumu","status":"publish","type":"post","link":"https:\/\/www.lintelligentdabidjan.info\/news\/solidarite-feminine-a-grand-bassam-la-fondation-tall-madina-lance-la-premiere-edition-du-seliba-sumu\/","title":{"rendered":"Solidarit\u00e9 f\u00e9minine  \u00e0 Grand-Bassam-   La Fondation Tall Madina lance la premi\u00e8re \u00e9dition du S\u00e9liba-Sumu"},"content":{"rendered":"<p><em><strong>La  Fondation Tall Madina a officiellement lanc\u00e9 le samedi 14 juin 2025 ses activit\u00e9s \u00e0 Grand-Bassam \u00e0 travers la premi\u00e8re \u00e9dition du S\u00e9liba-Sumu, un \u00e9v\u00e9nement d\u00e9di\u00e9 \u00e0 la femme. <\/strong><\/em><\/p>\n<p>Plac\u00e9e   sous le signe de la solidarit\u00e9 f\u00e9minine, cette initiative marque une \u00e9tape importante dans l&#8217;engagement de la Fondation pour le d\u00e9veloppement social, \u00e9conomique et humain de cette ville historique. Selon Tall Madina, la pr\u00e9sidente, la Fondation  qui porte son nom  est une organisation \u00e0 but non lucratif qui milite pour l\u2019am\u00e9lioration des conditions de vie des femmes, la lutte contre la pauvret\u00e9 et le soutien aux projets port\u00e9s par les jeunes et les femmes de Grand-Bassam. Ce premier \u00e9v\u00e9nement a \u00e9t\u00e9 pens\u00e9 comme un espace de rassemblement et d\u2019union, autour de valeurs partag\u00e9es, essentielles au mieux-vivre ensemble. La pr\u00e9sidente de la Fondation a insist\u00e9 sur l\u2019importance de renforcer la coh\u00e9sion sociale dans une ville qu\u2019elle estime aujourd\u2019hui  profond\u00e9ment divis\u00e9e, en raison de certains int\u00e9r\u00eats individuels prenant le pas sur l\u2019int\u00e9r\u00eat collectif. \u00ab Il est n\u00e9cessaire pour la Fondation de s\u2019engager aux c\u00f4t\u00e9s de toutes les femmes de Grand-Bassam pour les f\u00e9d\u00e9rer dans l\u2019int\u00e9r\u00eat unique de la ville et de ses habitants \u00bb, a-t-elle ajout\u00e9.<\/p>\n<p><strong> Des projets ambitieux pour l\u2019avenir<\/strong><\/p>\n<p>Le S\u00e9liba-Sumu n\u2019est qu\u2019un point de d\u00e9part. La Fondation Tall Madina pr\u00e9voit d\u00e9j\u00e0 deux projets d\u2019envergure \u00e0 venir entres  autres un fonds d\u2019investissement d\u00e9di\u00e9 aux femmes, visant \u00e0 soutenir financi\u00e8rement leurs initiatives entrepreneuriales et un forum pour la jeunesse destin\u00e9 \u00e0 promouvoir les comp\u00e9tences locales en facilitant des rencontres entre jeunes talents et entreprises invit\u00e9es \u00e0 Grand-Bassam, dans l\u2019optique de mettre en lumi\u00e8re le potentiel de la ville.<br \/>\n\u00ab Mon message est un message d\u2019union, de paix et d\u2019espoir. Grand-Bassam est la premi\u00e8re capitale de la C\u00f4te d\u2019Ivoire. Elle doit briller \u00e0 travers ses fils et ses filles. Et pour cela, il faut que toutes les femmes, quelle que soit leur religion ou leur origine ethnique, s\u2019unissent autour d\u2019un id\u00e9al commun : l\u2019int\u00e9r\u00eat g\u00e9n\u00e9ral de Grand-Bassam \u00bb, a affirm\u00e9  Madina Tall.<br \/>\nPr\u00e9sent \u00e0 l\u2019\u00e9v\u00e9nement, Kaba Kouroutoum, pr\u00e9sidente des Femmes Solidarit\u00e9 Grand-Bassam, a exprim\u00e9 sa gratitude envers la pr\u00e9sidente et sa Fondation.<br \/>\n\u00ab Nous sommes venus soutenir notre fille, Madina, pour cette belle initiative qui honore toutes les femmes de Grand-Bassam, ville historique et patrimoine de l\u2019Unesco. Elle a toujours \u00e9t\u00e9 proche des femmes, des veuves, des familles d\u00e9munies. Elle les a soutenues pendant le Ramadan et continue de le faire. Que Dieu lui donne la sant\u00e9 et la force de  poursuivre ses nobles missions \u00bb, a-t-elle conclu.<\/p>\n<p><strong>Olivier Dion avec G\u00e9rard Batoua<\/strong><\/p>\n","protected":false},"excerpt":{"rendered":"<p>La Fondation Tall Madina a officiellement lanc\u00e9 le samedi 14 juin 2025 ses activit\u00e9s \u00e0 Grand-Bassam \u00e0 travers la premi\u00e8re \u00e9dition du S\u00e9liba-Sumu, un \u00e9v\u00e9nement d\u00e9di\u00e9 \u00e0 la femme. Plac\u00e9e sous le signe de la solidarit\u00e9 f\u00e9minine, cette initiative marque une \u00e9tape importante dans l&#8217;engagement de la Fondation pour le d\u00e9veloppement social, \u00e9conomique et humain [&hellip;]<\/p>\n","protected":false},"author":4,"featured_media":38739,"comment_status":"closed","ping_status":"closed","sticky":false,"template":"","format":"standard","meta":{"_monsterinsights_skip_tracking":false,"_monsterinsights_sitenote_active":false,"_monsterinsights_sitenote_note":"","_monsterinsights_sitenote_category":0,"footnotes":""},"categories":[2,3],"tags":[281,5441,5442,5440],"class_list":["post-38738","post","type-post","status-publish","format-standard","has-post-thumbnail","hentry","category-featured","category-societe","tag-grand-bassam","tag-la-fondation-tall-madina","tag-premiere-edition-du-seliba-sumu","tag-solidarite-feminine"],"_links":{"self":[{"href":"https:\/\/www.lintelligentdabidjan.info\/news\/wp-json\/wp\/v2\/posts\/38738","targetHints":{"allow":["GET"]}}],"collection":[{"href":"https:\/\/www.lintelligentdabidjan.info\/news\/wp-json\/wp\/v2\/posts"}],"about":[{"href":"https:\/\/www.lintelligentdabidjan.info\/news\/wp-json\/wp\/v2\/types\/post"}],"author":[{"embeddable":true,"href":"https:\/\/www.lintelligentdabidjan.info\/news\/wp-json\/wp\/v2\/users\/4"}],"replies":[{"embeddable":true,"href":"https:\/\/www.lintelligentdabidjan.info\/news\/wp-json\/wp\/v2\/comments?post=38738"}],"version-history":[{"count":1,"href":"https:\/\/www.lintelligentdabidjan.info\/news\/wp-json\/wp\/v2\/posts\/38738\/revisions"}],"predecessor-version":[{"id":38740,"href":"https:\/\/www.lintelligentdabidjan.info\/news\/wp-json\/wp\/v2\/posts\/38738\/revisions\/38740"}],"wp:featuredmedia":[{"embeddable":true,"href":"https:\/\/www.lintelligentdabidjan.info\/news\/wp-json\/wp\/v2\/media\/38739"}],"wp:attachment":[{"href":"https:\/\/www.lintelligentdabidjan.info\/news\/wp-json\/wp\/v2\/media?parent=38738"}],"wp:term":[{"taxonomy":"category","embeddable":true,"href":"https:\/\/www.lintelligentdabidjan.info\/news\/wp-json\/wp\/v2\/categories?post=38738"},{"taxonomy":"post_tag","embeddable":true,"href":"https:\/\/www.lintelligentdabidjan.info\/news\/wp-json\/wp\/v2\/tags?post=38738"}],"curies":[{"name":"wp","href":"https:\/\/api.w.org\/{rel}","templated":true}]}}