{"id":38746,"date":"2025-06-18T07:11:36","date_gmt":"2025-06-18T05:11:36","guid":{"rendered":"https:\/\/www.lintelligentdabidjan.info\/news\/?p=38746"},"modified":"2025-06-18T07:12:30","modified_gmt":"2025-06-18T05:12:30","slug":"soutenance-de-these-chantal-fanny-diaby-devient-docteur-en-administration-des-affaires","status":"publish","type":"post","link":"https:\/\/www.lintelligentdabidjan.info\/news\/soutenance-de-these-chantal-fanny-diaby-devient-docteur-en-administration-des-affaires\/","title":{"rendered":"Soutenance de th\u00e8se : Chantal Fanny Diaby devient Docteur en Administration des Affaires"},"content":{"rendered":"<p><strong>La S\u00e9natrice Chantal Fanny Diaby a obtenu son Doctorat en Administration des Affaires \u00e0 la suite de la soutenance de sa th\u00e8se.<\/strong><\/p>\n<p>Selon une information re\u00e7ue, la V\u00e9n\u00e9rable Chantal Fanny Diaby, vice-pr\u00e9sidente du S\u00e9nat de C\u00f4te d\u2019Ivoire, est d\u00e9sormais Docteur en Administration des Affaires (DBA). Elle a obtenu ce dipl\u00f4me le mardi 10 juin 2025 en France, \u00e0 la suite d\u2019une soutenance o\u00f9 elle a \u00e9t\u00e9 dipl\u00f4m\u00e9e avec mention tr\u00e8s honorable. Le th\u00e8me de sa th\u00e8se \u00e9tait : \u00ab Inclusion f\u00e9minine et dynamiques des pouvoirs au sein du Parlement de la CEDEAO : Vers une transformation durable ? \u00bb. La soutenance s\u2019est d\u00e9roul\u00e9e dans les locaux de l\u2019Institut de Recherche et de Formation \u00e0 l\u2019Action Sociale (IRFASE) \u00e0 \u00c9vry-Courcouronnes, en partenariat avec le Centre de valorisation des parcours et des talents \u2013 Tunisie (CVPT) et l&#8217;Institut Africain de recherche et d\u2019action en administration publique (IARPA). Le jury \u00e9tait pr\u00e9sid\u00e9 par le Professeur R\u00e9my Bazenguissa-Ganga, Directeur \u00e0 l\u2019EHESS (France), qui a unanimement salu\u00e9 la qualit\u00e9 des travaux de recherche de la candidate.<\/p>\n<p>Dans sa th\u00e8se, Chantal Fanny explore les r\u00e9alit\u00e9s institutionnelles du Parlement de la CEDEAO \u00e0 travers une analyse rigoureuse m\u00ealant enqu\u00eates de terrain et documentation scientifique. Elle met en exergue les avanc\u00e9es ind\u00e9niables en mati\u00e8re de repr\u00e9sentation f\u00e9minine tout en d\u00e9non\u00e7ant les obstacles syst\u00e9miques \u00e0 l\u2019exercice effectif du pouvoir par les femmes dans les sph\u00e8res d\u00e9cisionnelles ouest-africaines. Son approche novatrice, m\u00ealant diagnostics politiques et propositions concr\u00e8tes, se traduit par des recommandations fortes et pragmatiques, notamment la cr\u00e9ation d\u2019un Observatoire r\u00e9gional de la parit\u00e9 parlementaire, l\u2019instauration d\u2019un m\u00e9canisme annuel de suivi et d\u2019\u00e9valuation des avanc\u00e9es en mati\u00e8re de genre, ainsi que l\u2019institution d\u2019un prix de la parit\u00e9 visant \u00e0 r\u00e9compenser les efforts gouvernementaux significatifs en faveur de l\u2019\u00e9galit\u00e9 femmes-hommes.<\/p>\n<p>Au terme de l&#8217;expos\u00e9 de Chantal Fanny et des \u00e9changes, le jury l&#8217;a f\u00e9licit\u00e9e pour la qualit\u00e9 de son travail. Il a recommand\u00e9 la publication scientifique de ses recherches, estimant que leur contenu est appel\u00e9 \u00e0 nourrir les d\u00e9bats et \u00e0 orienter les politiques publiques en mati\u00e8re d\u2019\u00e9galit\u00e9 et d\u2019int\u00e9gration des femmes dans les processus d\u00e9cisionnels.<\/p>\n<p>Chantal Fanny fait partie des femmes parlementaires africaines ayant soutenu une th\u00e8se sur le r\u00e9\u00e9quilibrage des pouvoirs dans une institution r\u00e9gionale telle que la CEDEAO.<\/p>\n<p><strong>Jean-Hubert Koffo<\/strong><\/p>\n","protected":false},"excerpt":{"rendered":"<p>La S\u00e9natrice Chantal Fanny Diaby a obtenu son Doctorat en Administration des Affaires \u00e0 la suite de la soutenance de sa th\u00e8se. Selon une information re\u00e7ue, la V\u00e9n\u00e9rable Chantal Fanny Diaby, vice-pr\u00e9sidente du S\u00e9nat de C\u00f4te d\u2019Ivoire, est d\u00e9sormais Docteur en Administration des Affaires (DBA). Elle a obtenu ce dipl\u00f4me le mardi 10 juin 2025 [&hellip;]<\/p>\n","protected":false},"author":4,"featured_media":38747,"comment_status":"closed","ping_status":"closed","sticky":false,"template":"","format":"standard","meta":{"_monsterinsights_skip_tracking":false,"_monsterinsights_sitenote_active":false,"_monsterinsights_sitenote_note":"","_monsterinsights_sitenote_category":0,"footnotes":""},"categories":[2,3],"tags":[5446,5444,5445,5443],"class_list":["post-38746","post","type-post","status-publish","format-standard","has-post-thumbnail","hentry","category-featured","category-societe","tag-administration-des-affaires","tag-chantal-fanny-diaby","tag-docteur","tag-soutenance-de-these"],"_links":{"self":[{"href":"https:\/\/www.lintelligentdabidjan.info\/news\/wp-json\/wp\/v2\/posts\/38746","targetHints":{"allow":["GET"]}}],"collection":[{"href":"https:\/\/www.lintelligentdabidjan.info\/news\/wp-json\/wp\/v2\/posts"}],"about":[{"href":"https:\/\/www.lintelligentdabidjan.info\/news\/wp-json\/wp\/v2\/types\/post"}],"author":[{"embeddable":true,"href":"https:\/\/www.lintelligentdabidjan.info\/news\/wp-json\/wp\/v2\/users\/4"}],"replies":[{"embeddable":true,"href":"https:\/\/www.lintelligentdabidjan.info\/news\/wp-json\/wp\/v2\/comments?post=38746"}],"version-history":[{"count":1,"href":"https:\/\/www.lintelligentdabidjan.info\/news\/wp-json\/wp\/v2\/posts\/38746\/revisions"}],"predecessor-version":[{"id":38748,"href":"https:\/\/www.lintelligentdabidjan.info\/news\/wp-json\/wp\/v2\/posts\/38746\/revisions\/38748"}],"wp:featuredmedia":[{"embeddable":true,"href":"https:\/\/www.lintelligentdabidjan.info\/news\/wp-json\/wp\/v2\/media\/38747"}],"wp:attachment":[{"href":"https:\/\/www.lintelligentdabidjan.info\/news\/wp-json\/wp\/v2\/media?parent=38746"}],"wp:term":[{"taxonomy":"category","embeddable":true,"href":"https:\/\/www.lintelligentdabidjan.info\/news\/wp-json\/wp\/v2\/categories?post=38746"},{"taxonomy":"post_tag","embeddable":true,"href":"https:\/\/www.lintelligentdabidjan.info\/news\/wp-json\/wp\/v2\/tags?post=38746"}],"curies":[{"name":"wp","href":"https:\/\/api.w.org\/{rel}","templated":true}]}}