{"id":38752,"date":"2025-06-18T07:19:02","date_gmt":"2025-06-18T05:19:02","guid":{"rendered":"https:\/\/www.lintelligentdabidjan.info\/news\/?p=38752"},"modified":"2025-06-18T07:19:06","modified_gmt":"2025-06-18T05:19:06","slug":"poro-des-infrastructures-educatives-inaugurees-par-lunicef-et-koica","status":"publish","type":"post","link":"https:\/\/www.lintelligentdabidjan.info\/news\/poro-des-infrastructures-educatives-inaugurees-par-lunicef-et-koica\/","title":{"rendered":"Poro-  Des infrastructures \u00e9ducatives inaugur\u00e9es par l\u2019Unicef et Koica"},"content":{"rendered":"<p><em><strong>Le Fonds des Nations Unies pour l\u2019Enfance (Unicef) et l\u2019Agence Cor\u00e9enne de Coop\u00e9ration Internationale (Koica), en partenariat avec le Gouvernement de C\u00f4te d\u2019Ivoire, ont proc\u00e9d\u00e9 \u00e0 l\u2019inauguration officielle de nouvelles infrastructures \u00e9ducatives dans la r\u00e9gion du Poro, le lundi 16 juin 2025.<\/strong><\/em><\/p>\n<p>Ces diff\u00e9rentes infrastructures \u00e9ducatives traduisent un engagement commun de l\u2019Unicef et de Koica en faveur du bien-\u00eatre et de l\u2019\u00e9panouissement des adolescents et des jeunes. Les infrastructures inaugur\u00e9es visent \u00e0 r\u00e9pondre aux besoins des jeunes de 10 \u00e0 19 ans en mati\u00e8re de sant\u00e9, d&#8217;\u00e9ducation et de formation. Financ\u00e9 par Koica, ce projet vise \u00e0 am\u00e9liorer l\u2019acc\u00e8s des adolescents, notamment les plus vuln\u00e9rables, \u00e0 une \u00e9ducation secondaire de qualit\u00e9 ainsi qu\u2019\u00e0 des formations techniques et professionnelles, tout en r\u00e9pondant \u00e0 leurs besoins en sant\u00e9 physique et mentale. Le projet a permis la construction de 22 salles de classe et la r\u00e9habilitation de 20 autres, la formation de 1 801 enseignants, la distribution de ressources p\u00e9dagogiques \u00e0 plus de 6 800 \u00e9l\u00e8ves vuln\u00e9rables, la cr\u00e9ation de clubs parascolaires et la mise en place de syst\u00e8mes de suivi en temps r\u00e9el dans 137 \u00e9coles. En mati\u00e8re de sant\u00e9, plus de 95 000 adolescents ont b\u00e9n\u00e9fici\u00e9 d&#8217;une \u00e9ducation sexuelle de qualit\u00e9, gr\u00e2ce au renforcement des capacit\u00e9s des agents de sant\u00e9.<\/p>\n<p>L\u2019Unicef place la question de l\u2019adolescence au c\u0153ur de ses interventions, en accompagnant les gouvernements dans la mise en \u0153uvre de politiques publiques int\u00e9gr\u00e9es qui favorisent l\u2019autonomie, la protection et la pleine participation des jeunes. Ce projet refl\u00e8te l\u2019approche multisectorielle de l\u2019Unicef, alliant \u00e9ducation, sant\u00e9, genre et protection pour un d\u00e9veloppement harmonieux des adolescents. \u00ab Offrir \u00e0 chaque adolescent un acc\u00e8s \u00e9quitable \u00e0 des services de sant\u00e9 et d\u2019\u00e9ducation de qualit\u00e9, c\u2019est investir dans un avenir plus juste, inclusif et prosp\u00e8re pour toute la nation. Gr\u00e2ce \u00e0 notre partenariat exemplaire avec Koica et au leadership du Gouvernement ivoirien, ces infrastructures incarnent une vision concr\u00e8te du d\u00e9veloppement centr\u00e9 sur la jeunesse. L\u2019Unicef est fier d\u2019accompagner cette dynamique porteuse de changement pour les g\u00e9n\u00e9rations futures \u00bb, a d\u00e9clar\u00e9 Jean-Fran\u00e7ois Basse, Repr\u00e9sentant r\u00e9sident de l\u2019Unicef en C\u00f4te d\u2019Ivoire.<\/p>\n<p>Kim Saeng, Ambassadeur de la R\u00e9publique de Cor\u00e9e en C\u00f4te d\u2019Ivoire, a salu\u00e9 cette dynamique, affirmant que la jeunesse est le plus grand capital pour b\u00e2tir un monde pacifique et prosp\u00e8re. \u00ab \u00c0 travers ce projet, la Cor\u00e9e r\u00e9affirme son engagement \u00e0 \u0153uvrer aux c\u00f4t\u00e9s du peuple ivoirien pour offrir \u00e0 chaque jeune les moyens de son autonomie et de sa r\u00e9ussite. L\u2019avenir d\u2019une nation passe par l\u2019\u00e9ducation, la vision et la passion de sa jeunesse. Notre coop\u00e9ration avec l\u2019Unicef et le Gouvernement de C\u00f4te d\u2019Ivoire illustre la force du partenariat pour un d\u00e9veloppement humain durable \u00bb, a-t-il soulign\u00e9.<\/p>\n<p><strong>Tour\u00e9 Abdoulaye avec A. Traor\u00e9 avec Sercom<\/strong><\/p>\n","protected":false},"excerpt":{"rendered":"<p>Le Fonds des Nations Unies pour l\u2019Enfance (Unicef) et l\u2019Agence Cor\u00e9enne de Coop\u00e9ration Internationale (Koica), en partenariat avec le Gouvernement de C\u00f4te d\u2019Ivoire, ont proc\u00e9d\u00e9 \u00e0 l\u2019inauguration officielle de nouvelles infrastructures \u00e9ducatives dans la r\u00e9gion du Poro, le lundi 16 juin 2025. Ces diff\u00e9rentes infrastructures \u00e9ducatives traduisent un engagement commun de l\u2019Unicef et de Koica [&hellip;]<\/p>\n","protected":false},"author":4,"featured_media":38753,"comment_status":"closed","ping_status":"closed","sticky":false,"template":"","format":"standard","meta":{"_monsterinsights_skip_tracking":false,"_monsterinsights_sitenote_active":false,"_monsterinsights_sitenote_note":"","_monsterinsights_sitenote_category":0,"footnotes":""},"categories":[2,3],"tags":[5449,5451,5450,4434],"class_list":["post-38752","post","type-post","status-publish","format-standard","has-post-thumbnail","hentry","category-featured","category-societe","tag-des-infrastructures-educatives","tag-koica","tag-lunicef","tag-poro"],"_links":{"self":[{"href":"https:\/\/www.lintelligentdabidjan.info\/news\/wp-json\/wp\/v2\/posts\/38752","targetHints":{"allow":["GET"]}}],"collection":[{"href":"https:\/\/www.lintelligentdabidjan.info\/news\/wp-json\/wp\/v2\/posts"}],"about":[{"href":"https:\/\/www.lintelligentdabidjan.info\/news\/wp-json\/wp\/v2\/types\/post"}],"author":[{"embeddable":true,"href":"https:\/\/www.lintelligentdabidjan.info\/news\/wp-json\/wp\/v2\/users\/4"}],"replies":[{"embeddable":true,"href":"https:\/\/www.lintelligentdabidjan.info\/news\/wp-json\/wp\/v2\/comments?post=38752"}],"version-history":[{"count":1,"href":"https:\/\/www.lintelligentdabidjan.info\/news\/wp-json\/wp\/v2\/posts\/38752\/revisions"}],"predecessor-version":[{"id":38754,"href":"https:\/\/www.lintelligentdabidjan.info\/news\/wp-json\/wp\/v2\/posts\/38752\/revisions\/38754"}],"wp:featuredmedia":[{"embeddable":true,"href":"https:\/\/www.lintelligentdabidjan.info\/news\/wp-json\/wp\/v2\/media\/38753"}],"wp:attachment":[{"href":"https:\/\/www.lintelligentdabidjan.info\/news\/wp-json\/wp\/v2\/media?parent=38752"}],"wp:term":[{"taxonomy":"category","embeddable":true,"href":"https:\/\/www.lintelligentdabidjan.info\/news\/wp-json\/wp\/v2\/categories?post=38752"},{"taxonomy":"post_tag","embeddable":true,"href":"https:\/\/www.lintelligentdabidjan.info\/news\/wp-json\/wp\/v2\/tags?post=38752"}],"curies":[{"name":"wp","href":"https:\/\/api.w.org\/{rel}","templated":true}]}}