{"id":38758,"date":"2025-06-18T07:25:48","date_gmt":"2025-06-18T05:25:48","guid":{"rendered":"https:\/\/www.lintelligentdabidjan.info\/news\/?p=38758"},"modified":"2025-06-18T07:25:57","modified_gmt":"2025-06-18T05:25:57","slug":"lintelligent-en-pdf-stabilite-en-guinee-et-en-cote-divoire-et-renforcement-de-laxe-conakry-abidjan-mamadou-doumbouya-vous-pouvez-compter-sur-moi-je-veux-aussi-compter-su","status":"publish","type":"post","link":"https:\/\/www.lintelligentdabidjan.info\/news\/lintelligent-en-pdf-stabilite-en-guinee-et-en-cote-divoire-et-renforcement-de-laxe-conakry-abidjan-mamadou-doumbouya-vous-pouvez-compter-sur-moi-je-veux-aussi-compter-su\/","title":{"rendered":"L\u2019Intelligent en PDF :        Stabilit\u00e9 en Guin\u00e9e et en C\u00f4te d&#8217;Ivoire et renforcement de l&#8217;axe Conakry-Abidjan     Mamadou Doumbouya : &#8220;Vous pouvez compter sur moi. Je veux aussi compter sur vous&#8221;"},"content":{"rendered":"<p><strong>Le chef de la transition militaire en Guin\u00e9e, le G\u00e9n\u00e9ral de Corps d&#8217;arm\u00e9es Mamadi Doumbouya, est arriv\u00e9 \u00e0 Abidjan le mardi 17 juin 2025 pour une visite de travail et d\u2019amiti\u00e9 de deux jours. Il a exprim\u00e9 ses attentes au chef de l\u2019\u00c9tat ivoirien \u00e0 l\u2019issue de l\u2019audience que celui-ci lui accord\u00e9e en d\u00e9but d\u2019apr\u00e8s-midi au Palais de la Pr\u00e9sidence de la R\u00e9publique \u00e0 Abidjan Plateau.<\/strong><\/p>\n<p>Qu\u2019est ce que les deux hommes ont dit ?<\/p>\n<p>Article \u00e0 d\u00e9couvrir dans vos kiosques et en ligne sur\u2026<\/p>\n<p><a href=\"https:\/\/news.abidjan.net\/titrologie\/39-lintelligent-dabidjan\/articles\" target=\"_blank\">https:\/\/news.abidjan.net\/titrologie\/39-lintelligent-dabidjan\/articles<\/a><\/p>\n<p>\u00c0 lire \u00e9galement ce que Bruno Kon\u00e9 a dit aux d\u00e9put\u00e9s sur le foncier, Le t\u00e9moignage de Wakili Alaf\u00e9 et Seyni Ciss\u00e9 sur Myriam Ke\u00efta apr\u00e8s son d\u00e9c\u00e8s, Adama Coulibaly d\u00e9voile les grandes lignes sur les pr\u00e9visions budg\u00e9taires 2026-2028 , Arlette N&#8217;Guessan parle du 2\u1d49 congr\u00e8s du RHDP, LU POUR VOUS by CoolBee Ouattara sur L\u2019\u00c9trange Destin de Wangrin d\u2019Ahmadou Hamp\u00e2t\u00e9 B\u00e2 : entre ruse, sagesse et satire coloniale.<\/p>\n<p>Cliquez pour les d\u00e9tails<\/p>\n<p><a href=\"https:\/\/www.afrikipresse.fr\/abonnement\" target=\"_blank\">https:\/\/www.afrikipresse.fr\/abonnement<\/a><\/p>\n<p>Les filles en force au BEPC mais les gar\u00e7ons dominent et Mamadou Tour\u00e9 et Moussa Sanogo engag\u00e9s dans la lutte contre le ch\u00f4mage des jeunes en C\u00f4te d&#8217;Ivoire.<\/p>\n<p><a href=\"https:\/\/www.pressecotedivoire.fr\/titrologie\" target=\"_blank\">https:\/\/www.pressecotedivoire.fr\/titrologie<\/a><\/p>\n","protected":false},"excerpt":{"rendered":"<p>Le chef de la transition militaire en Guin\u00e9e, le G\u00e9n\u00e9ral de Corps d&#8217;arm\u00e9es Mamadi Doumbouya, est arriv\u00e9 \u00e0 Abidjan le mardi 17 juin 2025 pour une visite de travail et d\u2019amiti\u00e9 de deux jours. Il a exprim\u00e9 ses attentes au chef de l\u2019\u00c9tat ivoirien \u00e0 l\u2019issue de l\u2019audience que celui-ci lui accord\u00e9e en d\u00e9but d\u2019apr\u00e8s-midi [&hellip;]<\/p>\n","protected":false},"author":4,"featured_media":38759,"comment_status":"closed","ping_status":"closed","sticky":false,"template":"","format":"standard","meta":{"_monsterinsights_skip_tracking":false,"_monsterinsights_sitenote_active":false,"_monsterinsights_sitenote_note":"","_monsterinsights_sitenote_category":0,"footnotes":""},"categories":[2,3],"tags":[],"class_list":["post-38758","post","type-post","status-publish","format-standard","has-post-thumbnail","hentry","category-featured","category-societe"],"_links":{"self":[{"href":"https:\/\/www.lintelligentdabidjan.info\/news\/wp-json\/wp\/v2\/posts\/38758","targetHints":{"allow":["GET"]}}],"collection":[{"href":"https:\/\/www.lintelligentdabidjan.info\/news\/wp-json\/wp\/v2\/posts"}],"about":[{"href":"https:\/\/www.lintelligentdabidjan.info\/news\/wp-json\/wp\/v2\/types\/post"}],"author":[{"embeddable":true,"href":"https:\/\/www.lintelligentdabidjan.info\/news\/wp-json\/wp\/v2\/users\/4"}],"replies":[{"embeddable":true,"href":"https:\/\/www.lintelligentdabidjan.info\/news\/wp-json\/wp\/v2\/comments?post=38758"}],"version-history":[{"count":1,"href":"https:\/\/www.lintelligentdabidjan.info\/news\/wp-json\/wp\/v2\/posts\/38758\/revisions"}],"predecessor-version":[{"id":38760,"href":"https:\/\/www.lintelligentdabidjan.info\/news\/wp-json\/wp\/v2\/posts\/38758\/revisions\/38760"}],"wp:featuredmedia":[{"embeddable":true,"href":"https:\/\/www.lintelligentdabidjan.info\/news\/wp-json\/wp\/v2\/media\/38759"}],"wp:attachment":[{"href":"https:\/\/www.lintelligentdabidjan.info\/news\/wp-json\/wp\/v2\/media?parent=38758"}],"wp:term":[{"taxonomy":"category","embeddable":true,"href":"https:\/\/www.lintelligentdabidjan.info\/news\/wp-json\/wp\/v2\/categories?post=38758"},{"taxonomy":"post_tag","embeddable":true,"href":"https:\/\/www.lintelligentdabidjan.info\/news\/wp-json\/wp\/v2\/tags?post=38758"}],"curies":[{"name":"wp","href":"https:\/\/api.w.org\/{rel}","templated":true}]}}