{"id":38776,"date":"2025-06-19T07:39:30","date_gmt":"2025-06-19T05:39:30","guid":{"rendered":"https:\/\/www.lintelligentdabidjan.info\/news\/?p=38776"},"modified":"2025-06-19T07:39:30","modified_gmt":"2025-06-19T05:39:30","slug":"agboville-lutte-contre-le-changement-climatique-et-la-degradation-de-lenvironnement-colonel-ble-ndou-ngoran-sensibilise-les-hommes-de-metiers","status":"publish","type":"post","link":"https:\/\/www.lintelligentdabidjan.info\/news\/agboville-lutte-contre-le-changement-climatique-et-la-degradation-de-lenvironnement-colonel-ble-ndou-ngoran-sensibilise-les-hommes-de-metiers\/","title":{"rendered":"Agboville-Lutte contre le changement climatique et la d\u00e9gradation de l&#8217;environnement :  Colonel Bl\u00e9-N&#8217;dou N&#8217;goran  sensibilise les hommes de m\u00e9tiers"},"content":{"rendered":"<p><em><strong>Bl\u00e9-N&#8217;dou N&#8217;goran Henri Pascal, directeur r\u00e9gional de l&#8217;environnement, du d\u00e9veloppement durable et de la transition \u00e9cologique de l&#8217;Agn\u00e9by-Tiassa, a proc\u00e9d\u00e9 \u00e0 une sensibilisation des soudeurs, m\u00e9caniciens-autos, \u00e9lectro-m\u00e9caniciens et des ferronniers sur la question de l&#8217;environnement et du changement climatique. <\/strong><\/em><\/p>\n<p>R\u00e9unis \u00e0 la salle de r\u00e9union de ladite direction r\u00e9gionale \u00e0 Agboville, le mercredi 18 juin 2025, autour du th\u00e8me : \u00ab Je suis un citoyen \u00e9co-responsable \u00bb, Bl\u00e9-N&#8217;dou N&#8217;goran Henri Pascal a dress\u00e9 un tableau sombre de la d\u00e9gradation de notre \u00e9cosyst\u00e8me li\u00e9e aux activit\u00e9s n\u00e9fastes de l&#8217;homme sur l&#8217;environnement. \u00ab La direction r\u00e9gionale que je dirige a d\u00e9cid\u00e9 de marquer d&#8217;une pierre blanche cette journ\u00e9e mondiale. Notre environnement est menac\u00e9 et d\u00e9range notre \u00e9cosyst\u00e8me \u00bb, a dit d&#8217;embl\u00e9e le patron de l&#8217;environnement dans la r\u00e9gion de l&#8217;Agn\u00e9by-Tiassa. <\/p>\n<p>C&#8217;est pourquoi, dira-t-il, chacun doit avoir un comportement \u00e9co-responsable. \u00ab Vous, m\u00e9caniciens-autos, \u00e9lectro-m\u00e9caniciens, soudeurs ou encore ferronniers devrez \u00eatre des citoyens \u00e9co-responsables. On a constat\u00e9 que vous  deversez vos huiles usag\u00e9es au sol ou  \u00e0 l&#8217;air libre. En le faisant, vous polluez ainsi la nappe phr\u00e9atique \u00bb, a fait noter Col. Bl\u00e9-N&#8217;dou N&#8217;goran Henri Pascal. Aussi, il a recommand\u00e9 que les hommes de m\u00e9tiers prennent des dispositifs en se dotant de citernes pour y d\u00e9verser les huiles de moteur et les vidanges. \u00ab Je voudrais vous demander d&#8217;avoir des dispositifs comme les citernes pour recueillir les huiles usag\u00e9es afin de les faire traiter par le centre ivoirien anti pollution (CIAPOL) et \u00e9viter la pollution de la nappe phr\u00e9atique et l&#8217;environnement. Ce que nous attendons de vous au terme de cette s\u00e9ance d&#8217;\u00e9changes, c&#8217;est d&#8217;\u00eatre des citoyens \u00e9co-responsables pour att\u00e9nuer les graves cons\u00e9quences de votre comportement sur l&#8217;environnement. \u00bb, a martel\u00e9 Col. Bl\u00e9-N&#8217;dou N&#8217;goran Henri Pascal. <\/p>\n<p><strong>Ahou Moay\u00e9 \u00e0 Agboville<\/strong><\/p>\n","protected":false},"excerpt":{"rendered":"<p>Bl\u00e9-N&#8217;dou N&#8217;goran Henri Pascal, directeur r\u00e9gional de l&#8217;environnement, du d\u00e9veloppement durable et de la transition \u00e9cologique de l&#8217;Agn\u00e9by-Tiassa, a proc\u00e9d\u00e9 \u00e0 une sensibilisation des soudeurs, m\u00e9caniciens-autos, \u00e9lectro-m\u00e9caniciens et des ferronniers sur la question de l&#8217;environnement et du changement climatique. R\u00e9unis \u00e0 la salle de r\u00e9union de ladite direction r\u00e9gionale \u00e0 Agboville, le mercredi 18 juin [&hellip;]<\/p>\n","protected":false},"author":4,"featured_media":38777,"comment_status":"closed","ping_status":"closed","sticky":false,"template":"","format":"standard","meta":{"_monsterinsights_skip_tracking":false,"_monsterinsights_sitenote_active":false,"_monsterinsights_sitenote_note":"","_monsterinsights_sitenote_category":0,"footnotes":""},"categories":[2,3],"tags":[255,2430,5463,2658],"class_list":["post-38776","post","type-post","status-publish","format-standard","has-post-thumbnail","hentry","category-featured","category-societe","tag-agboville","tag-changement-climatique","tag-la-degradation","tag-lutte"],"_links":{"self":[{"href":"https:\/\/www.lintelligentdabidjan.info\/news\/wp-json\/wp\/v2\/posts\/38776","targetHints":{"allow":["GET"]}}],"collection":[{"href":"https:\/\/www.lintelligentdabidjan.info\/news\/wp-json\/wp\/v2\/posts"}],"about":[{"href":"https:\/\/www.lintelligentdabidjan.info\/news\/wp-json\/wp\/v2\/types\/post"}],"author":[{"embeddable":true,"href":"https:\/\/www.lintelligentdabidjan.info\/news\/wp-json\/wp\/v2\/users\/4"}],"replies":[{"embeddable":true,"href":"https:\/\/www.lintelligentdabidjan.info\/news\/wp-json\/wp\/v2\/comments?post=38776"}],"version-history":[{"count":1,"href":"https:\/\/www.lintelligentdabidjan.info\/news\/wp-json\/wp\/v2\/posts\/38776\/revisions"}],"predecessor-version":[{"id":38778,"href":"https:\/\/www.lintelligentdabidjan.info\/news\/wp-json\/wp\/v2\/posts\/38776\/revisions\/38778"}],"wp:featuredmedia":[{"embeddable":true,"href":"https:\/\/www.lintelligentdabidjan.info\/news\/wp-json\/wp\/v2\/media\/38777"}],"wp:attachment":[{"href":"https:\/\/www.lintelligentdabidjan.info\/news\/wp-json\/wp\/v2\/media?parent=38776"}],"wp:term":[{"taxonomy":"category","embeddable":true,"href":"https:\/\/www.lintelligentdabidjan.info\/news\/wp-json\/wp\/v2\/categories?post=38776"},{"taxonomy":"post_tag","embeddable":true,"href":"https:\/\/www.lintelligentdabidjan.info\/news\/wp-json\/wp\/v2\/tags?post=38776"}],"curies":[{"name":"wp","href":"https:\/\/api.w.org\/{rel}","templated":true}]}}