{"id":38782,"date":"2025-06-19T07:54:39","date_gmt":"2025-06-19T05:54:39","guid":{"rendered":"https:\/\/www.lintelligentdabidjan.info\/news\/?p=38782"},"modified":"2025-06-19T10:05:56","modified_gmt":"2025-06-19T08:05:56","slug":"lintelligent-en-pdf-interview-amede-koffi-kouakou-pco-le-rhdp-moteur-de-paix-de-prosperite-et-de-solidarite","status":"publish","type":"post","link":"https:\/\/www.lintelligentdabidjan.info\/news\/lintelligent-en-pdf-interview-amede-koffi-kouakou-pco-le-rhdp-moteur-de-paix-de-prosperite-et-de-solidarite\/","title":{"rendered":"L\u2019Intelligent en PDF :  Interview \u2013 Amed\u00e9 Koffi Kouakou, PCO : \u00ab Le RHDP, moteur de paix, de prosp\u00e9rit\u00e9 et de solidarit\u00e9 \u00bb"},"content":{"rendered":"<p><strong>\u00c0 48 heures de l\u2019ouverture du deuxi\u00e8me congr\u00e8s ordinaire du RHDP, le ministre Amed\u00e9 Koffi Kouakou, pr\u00e9sident du comit\u00e9 d\u2019organisation, revient sur les pr\u00e9paratifs, la mobilisation in\u00e9dite dans les r\u00e9gions, et les enjeux majeurs de ce rendez-vous politique. Au c\u0153ur des attentes : le pl\u00e9biscite d\u2019Alassane Ouattara comme candidat du parti, dans un esprit de continuit\u00e9, de stabilit\u00e9 et de reconnaissance pour les acquis du chef de l\u2019\u00c9tat.<\/strong><\/p>\n<p>Interview \u00e0 d\u00e9couvrir dans vos kiosques et en ligne sur\u2026<\/p>\n<p><a href=\"https:\/\/news.abidjan.net\/titrologie\/39-lintelligent-dabidjan\/articles\" target=\"_blank\">https:\/\/news.abidjan.net\/titrologie\/39-lintelligent-dabidjan\/articles<\/a><\/p>\n<p>\u00c0 lire aussi Assal\u00e9 interroge, Bruno r\u00e9pond sans d\u00e9tour, le PPA-CI sort dans dos lors des questions orales \u00e0 l&#8217;Assembl\u00e9e nationale, Amadou Kon\u00e9 et S\u00e9bastien Bougon pr\u00eats pour Invest In Bouak\u00e9 \u00e0 l\u2019occasion du Salon du Bourget , Face \u00e0 la violence Adjoumani trace la ligne rouge .<\/p>\n<p>Cliquez pour les d\u00e9tails<\/p>\n<p><a href=\"https:\/\/www.afrikipresse.fr\/abonnement\" target=\"_blank\">https:\/\/www.afrikipresse.fr\/abonnement<\/a><\/p>\n<p>\u00c0 voir aussi ce que pense Amadou Coulibaly de la d\u00e9cision d\u2019interdire les Ivoiriens de visas am\u00e9ricains et ce que ce que l&#8217;UE exclut et propose dans le cadre de la pr\u00e9sidentielle lors d\u2019une rencontre avec le Rhdp.<\/p>\n<p><a href=\"https:\/\/www.pressecotedivoire.fr\/titrologie\" target=\"_blank\">https:\/\/www.pressecotedivoire.fr\/titrologie<\/a><\/p>\n","protected":false},"excerpt":{"rendered":"<p>\u00c0 48 heures de l\u2019ouverture du deuxi\u00e8me congr\u00e8s ordinaire du RHDP, le ministre Amed\u00e9 Koffi Kouakou, pr\u00e9sident du comit\u00e9 d\u2019organisation, revient sur les pr\u00e9paratifs, la mobilisation in\u00e9dite dans les r\u00e9gions, et les enjeux majeurs de ce rendez-vous politique. Au c\u0153ur des attentes : le pl\u00e9biscite d\u2019Alassane Ouattara comme candidat du parti, dans un esprit de [&hellip;]<\/p>\n","protected":false},"author":4,"featured_media":38788,"comment_status":"closed","ping_status":"closed","sticky":false,"template":"","format":"standard","meta":{"_monsterinsights_skip_tracking":false,"_monsterinsights_sitenote_active":false,"_monsterinsights_sitenote_note":"","_monsterinsights_sitenote_category":0,"footnotes":""},"categories":[2,3],"tags":[],"class_list":["post-38782","post","type-post","status-publish","format-standard","has-post-thumbnail","hentry","category-featured","category-societe"],"_links":{"self":[{"href":"https:\/\/www.lintelligentdabidjan.info\/news\/wp-json\/wp\/v2\/posts\/38782","targetHints":{"allow":["GET"]}}],"collection":[{"href":"https:\/\/www.lintelligentdabidjan.info\/news\/wp-json\/wp\/v2\/posts"}],"about":[{"href":"https:\/\/www.lintelligentdabidjan.info\/news\/wp-json\/wp\/v2\/types\/post"}],"author":[{"embeddable":true,"href":"https:\/\/www.lintelligentdabidjan.info\/news\/wp-json\/wp\/v2\/users\/4"}],"replies":[{"embeddable":true,"href":"https:\/\/www.lintelligentdabidjan.info\/news\/wp-json\/wp\/v2\/comments?post=38782"}],"version-history":[{"count":1,"href":"https:\/\/www.lintelligentdabidjan.info\/news\/wp-json\/wp\/v2\/posts\/38782\/revisions"}],"predecessor-version":[{"id":38783,"href":"https:\/\/www.lintelligentdabidjan.info\/news\/wp-json\/wp\/v2\/posts\/38782\/revisions\/38783"}],"wp:featuredmedia":[{"embeddable":true,"href":"https:\/\/www.lintelligentdabidjan.info\/news\/wp-json\/wp\/v2\/media\/38788"}],"wp:attachment":[{"href":"https:\/\/www.lintelligentdabidjan.info\/news\/wp-json\/wp\/v2\/media?parent=38782"}],"wp:term":[{"taxonomy":"category","embeddable":true,"href":"https:\/\/www.lintelligentdabidjan.info\/news\/wp-json\/wp\/v2\/categories?post=38782"},{"taxonomy":"post_tag","embeddable":true,"href":"https:\/\/www.lintelligentdabidjan.info\/news\/wp-json\/wp\/v2\/tags?post=38782"}],"curies":[{"name":"wp","href":"https:\/\/api.w.org\/{rel}","templated":true}]}}