{"id":38810,"date":"2025-06-20T07:33:36","date_gmt":"2025-06-20T05:33:36","guid":{"rendered":"https:\/\/www.lintelligentdabidjan.info\/news\/?p=38810"},"modified":"2025-06-20T07:33:41","modified_gmt":"2025-06-20T05:33:41","slug":"bouake-le-mouvement-ado-le-grand-batisseur-lance","status":"publish","type":"post","link":"https:\/\/www.lintelligentdabidjan.info\/news\/bouake-le-mouvement-ado-le-grand-batisseur-lance\/","title":{"rendered":"Bouak\u00e9 &#8211; Le mouvement   \u00ab ADO le Grand B\u00e2tisseur \u00bb lanc\u00e9"},"content":{"rendered":"<p><em><strong>Le mouvement r\u00e9gional de soutien d\u00e9nomm\u00e9 \u00ab ADO le Grand B\u00e2tisseur \u00bb a \u00e9t\u00e9 officiellement pr\u00e9sent\u00e9 \u00e0 la presse le jeudi 19 juin 2025,   dans un h\u00f4tel de Bouak\u00e9. \u00c0 cette occasion, Kouadio Jean-F\u00e9lix Yao, dit Cooper, initiateur principal du mouvement, a expos\u00e9 les motivations et les objectifs de cette nouvelle structure de soutien au pr\u00e9sident de la R\u00e9publique, Alassane Ouattara, dans la r\u00e9gion du Gb\u00eak\u00ea.<\/strong><\/em><\/p>\n<p>\u00ab Notre jeune mouvement de soutien &#8220;ADO le grand b\u00e2tisseur&#8221; est mis sur pied afin de rendre au pr\u00e9sident de la R\u00e9publique notre infinie gratitude et ce, en raison de sa g\u00e9n\u00e9reuse politique de d\u00e9veloppement national avec la r\u00e9alisation effective et visible \u00e0 diff\u00e9rents \u00e9gards des infrastructures socio-\u00e9conomiques de bases. Et surtout sans exclusion de r\u00e9gions ni d\u2019ethnies du nord au sud, de l&#8217;est \u00e0 l&#8217;ouest et particuli\u00e8rement dans le centre qui abrite la grande r\u00e9gion de Gb\u00eak\u00ea d&#8217;o\u00f9 nous sommes pour la plupart originaires et r\u00e9sidents.\u00bb, a-t-il d\u00e9clar\u00e9 devant les journalistes.<\/p>\n<p>Structur\u00e9 autour d\u2019un bureau de coordination ex\u00e9cutive de 15 membres, le mouvement est r\u00e9parti dans trois d\u00e9partements, sept sections communales et cinq repr\u00e9sentations couvrant les zones rurales et urbaines de Bouak\u00e9. Il entend jouer un r\u00f4le d\u00e9terminant dans la mobilisation des populations, notamment lors de l\u2019op\u00e9ration de parrainage, en vue de garantir une victoire \u00e9clatante du pr\u00e9sident Alassane Ouattara dans le Gb\u00eak\u00ea.<\/p>\n<p>Au-del\u00e0 du soutien politique, le mouvement ambitionne \u00e9galement de mener des actions de sensibilisation \u00e0 la paix et \u00e0 la coh\u00e9sion sociale, en pr\u00e9lude aux prochaines \u00e9ch\u00e9ances \u00e9lectorales. \u00ab Notre objectif principal est de faciliter une victoire du pr\u00e9sident d\u00e8s le premier tour des \u00e9lections pr\u00e9sidentielles \u00bb, a insist\u00e9 Kouadio Jean-F\u00e9lix Yao.<\/p>\n<p>Dans cette dynamique, le mouvement pr\u00e9voit de f\u00e9d\u00e9rer ses forces avec d&#8217;autres structures politiques proches du parti au pouvoir, afin de consolider les bases \u00e9lectorales du pr\u00e9sident dans la r\u00e9gion. Il a par ailleurs salu\u00e9 l\u2019appui du s\u00e9nateur Kouadio Norbart Alyket, qui a contribu\u00e9 \u00e0 la mise en place du mouvement, tout en lan\u00e7ant un appel aux cadres et \u00e9lus du RHDP pour un appui logistique et financier accru.<br \/>\n\u00ab Nous comptons sur leur soutien pour nous aider \u00e0 mener efficacement ce travail de terrain \u00bb, a-t-il affirm\u00e9.<\/p>\n<p>Pour rappel, le mouvement \u00ab ADO le Grand B\u00e2tisseur \u00bb a \u00e9t\u00e9 cr\u00e9\u00e9 le 25 mars 2025 \u00e0 Bouak\u00e9, avec pour ambition de participer activement \u00e0 la remobilisation des bases du parti et \u00e0 la victoire du pr\u00e9sident de la R\u00e9publique lors du prochain scrutin pr\u00e9sidentiel.<\/p>\n<p><strong>Nambac\u00e9r\u00e9 Jo\u00ebl <\/strong><\/p>\n","protected":false},"excerpt":{"rendered":"<p>Le mouvement r\u00e9gional de soutien d\u00e9nomm\u00e9 \u00ab ADO le Grand B\u00e2tisseur \u00bb a \u00e9t\u00e9 officiellement pr\u00e9sent\u00e9 \u00e0 la presse le jeudi 19 juin 2025, dans un h\u00f4tel de Bouak\u00e9. \u00c0 cette occasion, Kouadio Jean-F\u00e9lix Yao, dit Cooper, initiateur principal du mouvement, a expos\u00e9 les motivations et les objectifs de cette nouvelle structure de soutien au [&hellip;]<\/p>\n","protected":false},"author":4,"featured_media":38811,"comment_status":"closed","ping_status":"closed","sticky":false,"template":"","format":"standard","meta":{"_monsterinsights_skip_tracking":false,"_monsterinsights_sitenote_active":false,"_monsterinsights_sitenote_note":"","_monsterinsights_sitenote_category":0,"footnotes":""},"categories":[2,17],"tags":[5476,125,5475],"class_list":["post-38810","post","type-post","status-publish","format-standard","has-post-thumbnail","hentry","category-featured","category-politique","tag-ado-le-grand-batisseur","tag-bouake","tag-le-mouvement"],"_links":{"self":[{"href":"https:\/\/www.lintelligentdabidjan.info\/news\/wp-json\/wp\/v2\/posts\/38810","targetHints":{"allow":["GET"]}}],"collection":[{"href":"https:\/\/www.lintelligentdabidjan.info\/news\/wp-json\/wp\/v2\/posts"}],"about":[{"href":"https:\/\/www.lintelligentdabidjan.info\/news\/wp-json\/wp\/v2\/types\/post"}],"author":[{"embeddable":true,"href":"https:\/\/www.lintelligentdabidjan.info\/news\/wp-json\/wp\/v2\/users\/4"}],"replies":[{"embeddable":true,"href":"https:\/\/www.lintelligentdabidjan.info\/news\/wp-json\/wp\/v2\/comments?post=38810"}],"version-history":[{"count":1,"href":"https:\/\/www.lintelligentdabidjan.info\/news\/wp-json\/wp\/v2\/posts\/38810\/revisions"}],"predecessor-version":[{"id":38812,"href":"https:\/\/www.lintelligentdabidjan.info\/news\/wp-json\/wp\/v2\/posts\/38810\/revisions\/38812"}],"wp:featuredmedia":[{"embeddable":true,"href":"https:\/\/www.lintelligentdabidjan.info\/news\/wp-json\/wp\/v2\/media\/38811"}],"wp:attachment":[{"href":"https:\/\/www.lintelligentdabidjan.info\/news\/wp-json\/wp\/v2\/media?parent=38810"}],"wp:term":[{"taxonomy":"category","embeddable":true,"href":"https:\/\/www.lintelligentdabidjan.info\/news\/wp-json\/wp\/v2\/categories?post=38810"},{"taxonomy":"post_tag","embeddable":true,"href":"https:\/\/www.lintelligentdabidjan.info\/news\/wp-json\/wp\/v2\/tags?post=38810"}],"curies":[{"name":"wp","href":"https:\/\/api.w.org\/{rel}","templated":true}]}}