{"id":38816,"date":"2025-06-20T07:39:34","date_gmt":"2025-06-20T05:39:34","guid":{"rendered":"https:\/\/www.lintelligentdabidjan.info\/news\/?p=38816"},"modified":"2025-06-20T07:39:34","modified_gmt":"2025-06-20T05:39:34","slug":"tai-un-atelier-bilan-de-la-lutte-contre-le-travail-des-enfants","status":"publish","type":"post","link":"https:\/\/www.lintelligentdabidjan.info\/news\/tai-un-atelier-bilan-de-la-lutte-contre-le-travail-des-enfants\/","title":{"rendered":"Ta\u00ef- Un atelier bilan  de la lutte  contre le travail des enfants"},"content":{"rendered":"<p><em><strong>La salle de r\u00e9union de la pr\u00e9fecture de Ta\u00ef a servi de cadre \u00e0 un atelier bilan de la lutte contre le travail des enfants. Cela s\u2019est tenu le jeudi 19 juin 2025, en pr\u00e9sence des autorit\u00e9s administratives, des forces de l\u2019ordre et de s\u00e9curit\u00e9, ainsi que des comit\u00e9s de suivi villageois dudit d\u00e9partement.<\/strong><\/em><\/p>\n<p>Prenant la parole, Madame Ouffouet Ra\u00efssa, sous-directeur de r\u00e9clamation de la lutte contre le travail des enfants, a salu\u00e9 le travail abattu par les communaut\u00e9s vivant \u00e0 Ta\u00ef dans le domaine de la lutte contre le travail des enfants, malgr\u00e9 toutes les difficult\u00e9s rencontr\u00e9es par les agents de terrain. Mais elle a tap\u00e9 du poing sur la table concernant le ph\u00e9nom\u00e8ne qui mine notre soci\u00e9t\u00e9 depuis plusieurs ann\u00e9es, malgr\u00e9 les efforts consentis. Elle a indiqu\u00e9 que plusieurs d\u00e9fis restent \u00e0 relever pour \u00e9radiquer ce ph\u00e9nom\u00e8ne si l\u2019on n\u2019y prend garde.<\/p>\n<p>\u00ab Depuis 1960 que la C\u00f4te d&#8217;Ivoire a \u00e9t\u00e9 d\u00e9clar\u00e9e premier pays producteur de cacao \u00e0 l\u2019international, ce ph\u00e9nom\u00e8ne soul\u00e8ve une probl\u00e9matique pour notre pays. Les premiers consommateurs de nos mati\u00e8res premi\u00e8res, c\u2019est-\u00e0-dire les Fran\u00e7ais et les Am\u00e9ricains, ont d\u00e9cid\u00e9 d&#8217;instituer des lois pour mettre fin \u00e0 l&#8217;exploitation du travail des enfants dans les champs de cacao, d\u2019acajou, d\u2019h\u00e9v\u00e9a, de palmier \u00e0 huile\u2026 en somme, tout travail p\u00e9nible qui peut mettre un frein \u00e0 la vie scolaire d\u2019un enfant. Et si nous ne prenons garde, ces pays peuvent interdire nos produits sur leur sol. Alors, nous devons encore sensibiliser davantage pour que ce ph\u00e9nom\u00e8ne soit \u00e9radiqu\u00e9 d\u00e9finitivement. \u00bb<\/p>\n<p>a expliqu\u00e9 Madame Ouffouet Ra\u00efssa, sous-directeur de r\u00e9clamation de la lutte contre le travail des enfants en C\u00f4te d\u2019Ivoire.<\/p>\n<p>Ajoutant \u00e0 cela, le directeur r\u00e9gional du Travail du Cavally, Bonifon Antonin Ludovic, a invit\u00e9 les diff\u00e9rents comit\u00e9s de suivi dans les villages \u00e0 redoubler d\u2019efforts afin de parcourir les campements et les hameaux pour sensibiliser les populations rurales, afin de leur faire comprendre que le travail des enfants est s\u00e9v\u00e8rement puni par la loi.<\/p>\n<p>Ce fut \u00e9galement l\u2019occasion saisie par le chef de cabinet du pr\u00e9fet, Kassi Oi Kassi Pierre, repr\u00e9sentant le pr\u00e9fet du d\u00e9partement de Ta\u00ef, Mamadou Bakayoko, pour rassurer les organisations internationales comme la GIZ et les minist\u00e8res concern\u00e9s qu\u2019ils peuvent compter sur les autorit\u00e9s locales : la r\u00e9pression et les campagnes de sensibilisation seront men\u00e9es pour mettre d\u00e9finitivement fin \u00e0 ce fl\u00e9au dans le d\u00e9partement de Ta\u00ef.<\/p>\n<p><strong>Konhon Dominique<\/strong><\/p>\n","protected":false},"excerpt":{"rendered":"<p>La salle de r\u00e9union de la pr\u00e9fecture de Ta\u00ef a servi de cadre \u00e0 un atelier bilan de la lutte contre le travail des enfants. Cela s\u2019est tenu le jeudi 19 juin 2025, en pr\u00e9sence des autorit\u00e9s administratives, des forces de l\u2019ordre et de s\u00e9curit\u00e9, ainsi que des comit\u00e9s de suivi villageois dudit d\u00e9partement. Prenant [&hellip;]<\/p>\n","protected":false},"author":4,"featured_media":38817,"comment_status":"closed","ping_status":"closed","sticky":false,"template":"","format":"standard","meta":{"_monsterinsights_skip_tracking":false,"_monsterinsights_sitenote_active":false,"_monsterinsights_sitenote_note":"","_monsterinsights_sitenote_category":0,"footnotes":""},"categories":[2,3],"tags":[1868,2658,3891,3733,5480],"class_list":["post-38816","post","type-post","status-publish","format-standard","has-post-thumbnail","hentry","category-featured","category-societe","tag-bilan","tag-lutte","tag-tai","tag-travail-des-enfants","tag-un-atelier"],"_links":{"self":[{"href":"https:\/\/www.lintelligentdabidjan.info\/news\/wp-json\/wp\/v2\/posts\/38816","targetHints":{"allow":["GET"]}}],"collection":[{"href":"https:\/\/www.lintelligentdabidjan.info\/news\/wp-json\/wp\/v2\/posts"}],"about":[{"href":"https:\/\/www.lintelligentdabidjan.info\/news\/wp-json\/wp\/v2\/types\/post"}],"author":[{"embeddable":true,"href":"https:\/\/www.lintelligentdabidjan.info\/news\/wp-json\/wp\/v2\/users\/4"}],"replies":[{"embeddable":true,"href":"https:\/\/www.lintelligentdabidjan.info\/news\/wp-json\/wp\/v2\/comments?post=38816"}],"version-history":[{"count":1,"href":"https:\/\/www.lintelligentdabidjan.info\/news\/wp-json\/wp\/v2\/posts\/38816\/revisions"}],"predecessor-version":[{"id":38818,"href":"https:\/\/www.lintelligentdabidjan.info\/news\/wp-json\/wp\/v2\/posts\/38816\/revisions\/38818"}],"wp:featuredmedia":[{"embeddable":true,"href":"https:\/\/www.lintelligentdabidjan.info\/news\/wp-json\/wp\/v2\/media\/38817"}],"wp:attachment":[{"href":"https:\/\/www.lintelligentdabidjan.info\/news\/wp-json\/wp\/v2\/media?parent=38816"}],"wp:term":[{"taxonomy":"category","embeddable":true,"href":"https:\/\/www.lintelligentdabidjan.info\/news\/wp-json\/wp\/v2\/categories?post=38816"},{"taxonomy":"post_tag","embeddable":true,"href":"https:\/\/www.lintelligentdabidjan.info\/news\/wp-json\/wp\/v2\/tags?post=38816"}],"curies":[{"name":"wp","href":"https:\/\/api.w.org\/{rel}","templated":true}]}}