{"id":38819,"date":"2025-06-20T07:42:18","date_gmt":"2025-06-20T05:42:18","guid":{"rendered":"https:\/\/www.lintelligentdabidjan.info\/news\/?p=38819"},"modified":"2025-06-20T07:44:02","modified_gmt":"2025-06-20T05:44:02","slug":"lintelligent-en-pdf-liste-electorale-kuibiert-pourquoi-gbagbo-radie-alors-que-le-juge-na-pas-ordonne-la-suspension-de-ses-droits","status":"publish","type":"post","link":"https:\/\/www.lintelligentdabidjan.info\/news\/lintelligent-en-pdf-liste-electorale-kuibiert-pourquoi-gbagbo-radie-alors-que-le-juge-na-pas-ordonne-la-suspension-de-ses-droits\/","title":{"rendered":"L\u2019Intelligent en PDF :     Liste \u00e9lectorale &#8211; Kuibiert :    \u00ab  Pourquoi  Gbagbo  radi\u00e9   alors  que le juge n\u2019a pas ordonn\u00e9 la suspension de ses droits \u00bb"},"content":{"rendered":"<p><strong>Ibrahime Coulibaly-Kuibiert, le pr\u00e9sident de la CEI, s\u2019est exprim\u00e9 sur la t\u00e9l\u00e9vision nationale le mardi 17 juin 2025. Il a abord\u00e9 des sujets br\u00fblants li\u00e9s au processus \u00e9lectoral, notamment les cas des leaders politiques absents de la liste \u00e9lectorale d\u00e9finitive publi\u00e9e le 4 juin 2025. Il a \u00e9galement r\u00e9pondu aux critiques qui accusaient la CEI d\u2019avoir d\u00e9lib\u00e9r\u00e9ment retir\u00e9 l&#8217;ancien pr\u00e9sident Laurent Gbagbo de la liste \u00e9lectorale, alors que la d\u00e9cision de justice qui le condamnait en 2018 ne le prive pas de ses droits civils et politiques.<\/strong><\/p>\n<p>Qu\u2019est-ce que Ibrahime Coulibaly-Kuibiert a dit ?<\/p>\n<p>Article \u00e0 d\u00e9couvrir dans vos kiosques et en ligne sur\u2026<\/p>\n<p><a href=\"https:\/\/news.abidjan.net\/titrologie\/39-lintelligent-dabidjan\/articles\" target=\"_blank\">https:\/\/news.abidjan.net\/titrologie\/39-lintelligent-dabidjan\/articles<\/a><\/p>\n<p>\u00c0 lire aussi Simone, Affi, Bl\u00e9 et les autres derri\u00e8re Gbagbo bient\u00f4t apr\u00e8s Tidjane Thiam ?<\/p>\n<p>Ciss\u00e9 Bacongo distingu\u00e9 au Gala des b\u00e2tisseurs de l\u2019 \u00c9conomie africaine 2025, Bruno Kon\u00e9 \u00e9voque les risques au niveau des Logements en C\u00f4te d\u2019Ivoire.<\/p>\n<p>Cliquez pour les d\u00e9tails<\/p>\n<p><a href=\"https:\/\/www.afrikipresse.fr\/abonnement\" target=\"_blank\">https:\/\/www.afrikipresse.fr\/abonnement<\/a><\/p>\n<p>\u00c0 voir \u00e9galement le compte rendu du lancement officiel de la Web TV du Rhdp et le bilan de la premi\u00e8re session ordinaire 2025 du S\u00e9nat dress\u00e9 par Kandia Camara.<\/p>\n<p><a href=\"https:\/\/www.pressecotedivoire.fr\/titrologie\" target=\"_blank\">https:\/\/www.pressecotedivoire.fr\/titrologie<\/a><\/p>\n","protected":false},"excerpt":{"rendered":"<p>Ibrahime Coulibaly-Kuibiert, le pr\u00e9sident de la CEI, s\u2019est exprim\u00e9 sur la t\u00e9l\u00e9vision nationale le mardi 17 juin 2025. Il a abord\u00e9 des sujets br\u00fblants li\u00e9s au processus \u00e9lectoral, notamment les cas des leaders politiques absents de la liste \u00e9lectorale d\u00e9finitive publi\u00e9e le 4 juin 2025. Il a \u00e9galement r\u00e9pondu aux critiques qui accusaient la CEI [&hellip;]<\/p>\n","protected":false},"author":4,"featured_media":38820,"comment_status":"closed","ping_status":"closed","sticky":false,"template":"","format":"standard","meta":{"_monsterinsights_skip_tracking":false,"_monsterinsights_sitenote_active":false,"_monsterinsights_sitenote_note":"","_monsterinsights_sitenote_category":0,"footnotes":""},"categories":[2,3],"tags":[],"class_list":["post-38819","post","type-post","status-publish","format-standard","has-post-thumbnail","hentry","category-featured","category-societe"],"_links":{"self":[{"href":"https:\/\/www.lintelligentdabidjan.info\/news\/wp-json\/wp\/v2\/posts\/38819","targetHints":{"allow":["GET"]}}],"collection":[{"href":"https:\/\/www.lintelligentdabidjan.info\/news\/wp-json\/wp\/v2\/posts"}],"about":[{"href":"https:\/\/www.lintelligentdabidjan.info\/news\/wp-json\/wp\/v2\/types\/post"}],"author":[{"embeddable":true,"href":"https:\/\/www.lintelligentdabidjan.info\/news\/wp-json\/wp\/v2\/users\/4"}],"replies":[{"embeddable":true,"href":"https:\/\/www.lintelligentdabidjan.info\/news\/wp-json\/wp\/v2\/comments?post=38819"}],"version-history":[{"count":3,"href":"https:\/\/www.lintelligentdabidjan.info\/news\/wp-json\/wp\/v2\/posts\/38819\/revisions"}],"predecessor-version":[{"id":38823,"href":"https:\/\/www.lintelligentdabidjan.info\/news\/wp-json\/wp\/v2\/posts\/38819\/revisions\/38823"}],"wp:featuredmedia":[{"embeddable":true,"href":"https:\/\/www.lintelligentdabidjan.info\/news\/wp-json\/wp\/v2\/media\/38820"}],"wp:attachment":[{"href":"https:\/\/www.lintelligentdabidjan.info\/news\/wp-json\/wp\/v2\/media?parent=38819"}],"wp:term":[{"taxonomy":"category","embeddable":true,"href":"https:\/\/www.lintelligentdabidjan.info\/news\/wp-json\/wp\/v2\/categories?post=38819"},{"taxonomy":"post_tag","embeddable":true,"href":"https:\/\/www.lintelligentdabidjan.info\/news\/wp-json\/wp\/v2\/tags?post=38819"}],"curies":[{"name":"wp","href":"https:\/\/api.w.org\/{rel}","templated":true}]}}