{"id":38824,"date":"2025-06-20T16:31:18","date_gmt":"2025-06-20T14:31:18","guid":{"rendered":"https:\/\/www.lintelligentdabidjan.info\/news\/?p=38824"},"modified":"2025-06-20T16:32:47","modified_gmt":"2025-06-20T14:32:47","slug":"ali-badarah-konate-le-congres-du-rhdp-est-un-referendum-populaire-pour-dire-oui-a-alassane-ouattara","status":"publish","type":"post","link":"https:\/\/www.lintelligentdabidjan.info\/news\/ali-badarah-konate-le-congres-du-rhdp-est-un-referendum-populaire-pour-dire-oui-a-alassane-ouattara\/","title":{"rendered":"Ali Badarah Konat\u00e9 : \u00ab Le congr\u00e8s du RHDP est un r\u00e9f\u00e9rendum populaire pour dire oui \u00e0 Alassane Ouattara \u00bb"},"content":{"rendered":"<p><em><strong>\u00c0 quelques jours du 2\u1d49 congr\u00e8s ordinaire du Rassemblement des Houphou\u00e9tistes pour la d\u00e9mocratie et la paix (  RHDP) pr\u00e9vu les 20 et 21 juin au Parc des expositions d\u2019Abidjan et au stade Alassane Ouattara d&#8217;Ebimp\u00e9, Ali Badarah Konat\u00e9, conseiller \u00e9conomique et social et secr\u00e9taire d\u00e9partemental RHDP de Divo-Ogoudou, fait savoir dans cet entretien que ce rendez-vous national, pilot\u00e9 par le ministre Amed\u00e9 Kouakou, est bien plus qu\u2019un simple rassemblement statutaire.<\/strong><\/em><\/p>\n<p><strong>Le ministre Amed\u00e9 Kouakou a \u00e9t\u00e9 d\u00e9sign\u00e9 en qualit\u00e9 de pr\u00e9sident du Comit\u00e9 d&#8217;organisation du 2e congr\u00e8s ordinaire du RHDP. En tant que cadre du L\u00f4h-Djiboua, r\u00e9gion dont est issu le ministre Amed\u00e9, comment avez-vous personnellement accueilli ce choix ?<\/strong><\/p>\n<p>Dans un premier temps, nous tenons \u00e0 exprimer notre profonde gratitude au pr\u00e9sident du parti, chef de l\u2019\u00c9tat, le Pr\u00e9sident Alassane Ouattara, pour l&#8217;honneur qu\u2019il fait \u00e0 notre grande r\u00e9gion, celle du L\u00f4h-Djiboua. C\u2019est une tradition pour le Pr\u00e9sident Alassane Ouattara d\u2019honorer les cadres de notre r\u00e9gion. Depuis le temps du RDR, en commen\u00e7ant par Benjamin Dadi\u00e9, puis le ministre Zakpa Komenan, qui a \u00e9t\u00e9 vice-pr\u00e9sident du congr\u00e8s du RDR, jusqu\u2019au ministre Amed\u00e9 lui-m\u00eame, qui fut pr\u00e9sident du comit\u00e9 scientifique du premier congr\u00e8s. Aujourd\u2019hui, il le confirme comme PCO de cette grande f\u00eate populaire, ce grand rassemblement des fils et filles de la C\u00f4te d\u2019Ivoire qui aspirent au d\u00e9veloppement et \u00e0 la paix dans leur pays. C\u2019est un r\u00e9el sentiment de fiert\u00e9 en tant que fils du L\u00f4h-Djiboua. Nous l\u2019avons exprim\u00e9 r\u00e9cemment lors d\u2019une rencontre entre le ministre Amed\u00e9 et les distingu\u00e9s membres du Conseil \u00e9conomique, o\u00f9 nous avons traduit notre gratitude au Pr\u00e9sident de la R\u00e9publique pour le choix port\u00e9 sur les cadres de notre r\u00e9gion.<\/p>\n<p><strong>Selon vous, quel sens profond doit-on donner \u00e0 cette d\u00e9signation, et quelles sont les attentes qu\u2019elle suscite au sein du parti ?<\/strong><\/p>\n<p>Il n\u2019y a pas d\u2019attente particuli\u00e8re ! Amed\u00e9 Kouakou est un excellent ministre des Infrastructures et, sur le plan politique, il est pr\u00e9sident de la r\u00e9gion du L\u00f4h-Djiboua, o\u00f9 il a \u00e9t\u00e9 \u00e9lu sous la banni\u00e8re du RHDP. Toute la C\u00f4te d\u2019Ivoire est t\u00e9moin de ses initiatives pour rassembler les populations du Centre et les amener \u00e0 adh\u00e9rer \u00e0 la vision du Pr\u00e9sident Alassane Ouattara. Ce choix entre dans une logique d\u2019ouverture. Le ministre Amed\u00e9, comme de nombreux cadres issus du PDCI, a choisi, \u00e0 un moment cl\u00e9 de la cr\u00e9ation du RHDP, de suivre la voie de la raison, de la stabilit\u00e9 et du d\u00e9veloppement. Lui, tout comme le pr\u00e9sident Aka Aou\u00e9l\u00e9, le ministre d\u2019\u00c9tat Adjoumani et d&#8217;autres, ont d\u00e9cid\u00e9 de marcher aux c\u00f4t\u00e9s du Pr\u00e9sident Alassane Ouattara. C\u2019est aussi une ouverture vers la jeunesse, car le ministre Amed\u00e9 peut \u00eatre consid\u00e9r\u00e9 parmi les jeunes ministres du gouvernement. Cela correspond \u00e0 la vision du Pr\u00e9sident Alassane Ouattara de cr\u00e9er des passerelles entre les g\u00e9n\u00e9rations au sein du parti.<\/p>\n<p><strong>Ce 2e congr\u00e8s ordinaire du RHDP s\u2019est distingu\u00e9 par son format \u00e9clat\u00e9, couvrant les 47 r\u00e9gions politiques et le District d\u2019Abidjan. Quel regard portez-vous sur cette d\u00e9marche ? Quels en sont, selon vous, les avantages pour le parti et sa base militante ?<\/strong><\/p>\n<p>Au sein du RHDP, nous avons toujours organis\u00e9 des congr\u00e8s \u00e9clat\u00e9s avant les grands congr\u00e8s. Cela participe au renforcement de la d\u00e9mocratie interne. Ces congr\u00e8s r\u00e9gionaux abordent des th\u00e9matiques pr\u00e9cises : la vie du parti, ses statuts, son fonctionnement, etc. Le RHDP \u00e9tant d\u00e9sormais un parti majoritaire, il est repr\u00e9sent\u00e9 dans les 31 r\u00e9gions et les 14 districts de C\u00f4te d\u2019Ivoire. Tout le monde ne pouvant se d\u00e9placer \u00e0 Abidjan, cette d\u00e9marche permet une participation d\u00e9centralis\u00e9e et inclusive. Ainsi, chaque militant peut exprimer son point de vue, s\u2019impliquer dans les commissions, contribuer \u00e0 la r\u00e9flexion collective. Cela montre l\u2019enracinement de la d\u00e9mocratie au sein du RHDP.<\/p>\n<p><strong>La r\u00e9gion du L\u00f4h-Djiboua est r\u00e9put\u00e9e pour sa mobilisation lors des grands rendez-vous du RHDP. \u00c0 quelle mobilisation doit-on s\u2019attendre les 20 et 21 juin prochains ? Quel message adressez-vous aux populations du L\u00f4h-Djiboua ?<\/strong><\/p>\n<p>La mobilisation aura une double symbolique. D\u2019abord, le PCO vient du L\u00f4h-Djiboua. Nous, les habitants de la r\u00e9gion et ceux de la diaspora, devons honorer le choix du Pr\u00e9sident Alassane Ouattara en nous mobilisant massivement pour faire de ce congr\u00e8s une f\u00eate populaire. Nous allons dire \u00ab oui \u00bb \u00e0 la candidature du Pr\u00e9sident Alassane Ouattara \u00e0 la t\u00eate du RHDP, et \u00ab oui \u00bb \u00e0 sa candidature \u00e0 la pr\u00e9sidentielle de 2025. Cette mobilisation sera un avant-go\u00fbt de la campagne \u00e0 venir, un r\u00e9f\u00e9rendum affirmatif pour dire merci au Pr\u00e9sident pour la transformation structurelle de notre pays : les routes, les \u00e9coles, les centres de sant\u00e9, et l\u2019am\u00e9lioration des conditions de vie des populations.<\/p>\n<p><strong>Vous venez de citer quelques actions majeures. Comment se traduira concr\u00e8tement cette adh\u00e9sion dans les urnes lors de l\u2019\u00e9lection pr\u00e9sidentielle d\u2019octobre 2025 ?<\/strong><\/p>\n<p>La r\u00e9gion du L\u00f4h-Djiboua promet plus de 80 % au Pr\u00e9sident Alassane Ouattara. \u00c0 part quelques zones comme Lakota et Hir\u00e9 que nous sommes en train de reconqu\u00e9rir, tous les maires, s\u00e9nateurs et d\u00e9put\u00e9s de la r\u00e9gion sont RHDP. La population \u00e9lectorale du L\u00f4h-Djiboua est largement acquise au Pr\u00e9sident. Mais au-del\u00e0, les Ivoiriens ne sont pas dupes : ils voient ce que produit la politique du RHDP dans leur quotidien. Une \u00e9cole gratuite, la CMU, l\u2019extension des centres de sant\u00e9, le pouvoir d\u2019achat, la s\u00e9curit\u00e9 et la paix. Dans un contexte r\u00e9gional instable, la C\u00f4te d\u2019Ivoire est un \u00eelot de stabilit\u00e9.<\/p>\n<p><strong>Quelle sera la contribution du mouvement \u2018\u2019Les Alassanistes\u2019\u2019 \u00e0 la mobilisation pour ce congr\u00e8s ?<\/strong><\/p>\n<p>Depuis l\u2019annonce du congr\u00e8s, notre groupement politique Nouvelles \u00c9nergies-LRD et le mouvement Les Alassanistes sont \u00e0 pied d\u2019\u0153uvre. Apr\u00e8s le conclave de Korhogo, nous avons demand\u00e9 \u00e0 nos animateurs d\u2019int\u00e9grer les structures RHDP, ce qui est fait. Beaucoup sont devenus secr\u00e9taires d\u00e9partementaux, de zones, ou de sections. Personnellement, je suis d\u00e9sormais secr\u00e9taire d\u00e9partemental RHDP de Divo-Ogoudou. Nous sommes aussi tr\u00e8s actifs socialement, en distribuant des vivres et du mat\u00e9riel lors des f\u00eates religieuses et scolaires. Avec d\u2019autres structures proches du feu Premier ministre Amadou Gon Coulibaly, nous pr\u00e9parons une mobilisation sp\u00e9ciale pour rappeler que le Pr\u00e9sident Alassane Ouattara est notre candidat, notre champion.<\/p>\n<p><strong>Le Secr\u00e9taire ex\u00e9cutif du parti affirme que &#8220;l\u2019adversaire du RHDP, c\u2019est le RHDP lui-m\u00eame&#8221;. Que pensez-vous de cette d\u00e9claration ?<\/strong><\/p>\n<p>Il a parfaitement raison. Dans un grand parti, les ambitions sont l\u00e9gitimes. Mais elles doivent s\u2019effacer au profit de l\u2019unit\u00e9 derri\u00e8re notre candidat. Le Pr\u00e9sident Alassane Ouattara est le ciment de cette coh\u00e9sion. L\u2019un des d\u00e9fauts que nous devons combattre, c\u2019est la culture de l\u2019\u00e9vidence, cette impression que tout est acquis. Nous devons rester mobilis\u00e9s, soud\u00e9s, combatifs, et comprendre qu\u2019aucune ambition ne peut se r\u00e9aliser sans l\u2019union autour de la vision du Pr\u00e9sident.<\/p>\n<p><strong>\u00cates-vous confiant que cette coh\u00e9sion sera suffisante pour assurer la victoire d\u2019Alassane Ouattara au soir du 25 octobre 2025 ?<\/strong><\/p>\n<p>Oui, je suis totalement confiant. Ce n\u2019est pas le Pr\u00e9sident qui veut \u00eatre candidat. C\u2019est nous qui voulons qu\u2019il le soit. Donc nous ferons campagne avec ferveur. Les ambitions personnelles pour l\u2019apr\u00e8s-pr\u00e9sidentielle sont naturelles, mais le moment n\u2019est pas encore venu. Aujourd\u2019hui, notre priorit\u00e9, c\u2019est une victoire \u00e9clatante au premier tour.<\/p>\n<p><strong>Votre mot de fin \u00e0 l\u2019endroit des militants et des Ivoiriens ?<\/strong><\/p>\n<p>Aujourd\u2019hui, la C\u00f4te d\u2019Ivoire est en transformation profonde. Certains disent que les infrastructures ne suffisent pas. Mais ce sont elles qui permettent de transporter les r\u00e9coltes, de d\u00e9velopper les r\u00e9gions, de mieux r\u00e9mun\u00e9rer les paysans. Le Pr\u00e9sident Alassane Ouattara a surtout construit des ponts d\u2019amour entre les Ivoiriens, comme au temps du Pr\u00e9sident Houphou\u00ebt-Boigny. Le RHDP est puissant \u00e0 l\u2019Ouest, au Nord, \u00e0 l\u2019Est, au Sud. Il a restaur\u00e9 la concorde nationale, la stabilit\u00e9 et la s\u00e9curit\u00e9. J\u2019appelle les populations \u00e0 renouveler leur confiance au Pr\u00e9sident Alassane Ouattara, pour que cette nation triomphante, conqu\u00e9rante et solidaire poursuive sa marche vers l\u2019\u00e9mergence.<\/p>\n<p><strong>R\u00e9alis\u00e9 par Ly Abdul<\/strong><\/p>\n","protected":false},"excerpt":{"rendered":"<p>\u00c0 quelques jours du 2\u1d49 congr\u00e8s ordinaire du Rassemblement des Houphou\u00e9tistes pour la d\u00e9mocratie et la paix ( RHDP) pr\u00e9vu les 20 et 21 juin au Parc des expositions d\u2019Abidjan et au stade Alassane Ouattara d&#8217;Ebimp\u00e9, Ali Badarah Konat\u00e9, conseiller \u00e9conomique et social et secr\u00e9taire d\u00e9partemental RHDP de Divo-Ogoudou, fait savoir dans cet entretien que [&hellip;]<\/p>\n","protected":false},"author":4,"featured_media":38825,"comment_status":"closed","ping_status":"closed","sticky":false,"template":"","format":"standard","meta":{"_monsterinsights_skip_tracking":false,"_monsterinsights_sitenote_active":false,"_monsterinsights_sitenote_note":"","_monsterinsights_sitenote_category":0,"footnotes":""},"categories":[2,17],"tags":[39,3322,5481,5482,144],"class_list":["post-38824","post","type-post","status-publish","format-standard","has-post-thumbnail","hentry","category-featured","category-politique","tag-alassane-ouattara","tag-ali-badarah-konate","tag-le-congres","tag-referendum","tag-rhdp"],"_links":{"self":[{"href":"https:\/\/www.lintelligentdabidjan.info\/news\/wp-json\/wp\/v2\/posts\/38824","targetHints":{"allow":["GET"]}}],"collection":[{"href":"https:\/\/www.lintelligentdabidjan.info\/news\/wp-json\/wp\/v2\/posts"}],"about":[{"href":"https:\/\/www.lintelligentdabidjan.info\/news\/wp-json\/wp\/v2\/types\/post"}],"author":[{"embeddable":true,"href":"https:\/\/www.lintelligentdabidjan.info\/news\/wp-json\/wp\/v2\/users\/4"}],"replies":[{"embeddable":true,"href":"https:\/\/www.lintelligentdabidjan.info\/news\/wp-json\/wp\/v2\/comments?post=38824"}],"version-history":[{"count":1,"href":"https:\/\/www.lintelligentdabidjan.info\/news\/wp-json\/wp\/v2\/posts\/38824\/revisions"}],"predecessor-version":[{"id":38826,"href":"https:\/\/www.lintelligentdabidjan.info\/news\/wp-json\/wp\/v2\/posts\/38824\/revisions\/38826"}],"wp:featuredmedia":[{"embeddable":true,"href":"https:\/\/www.lintelligentdabidjan.info\/news\/wp-json\/wp\/v2\/media\/38825"}],"wp:attachment":[{"href":"https:\/\/www.lintelligentdabidjan.info\/news\/wp-json\/wp\/v2\/media?parent=38824"}],"wp:term":[{"taxonomy":"category","embeddable":true,"href":"https:\/\/www.lintelligentdabidjan.info\/news\/wp-json\/wp\/v2\/categories?post=38824"},{"taxonomy":"post_tag","embeddable":true,"href":"https:\/\/www.lintelligentdabidjan.info\/news\/wp-json\/wp\/v2\/tags?post=38824"}],"curies":[{"name":"wp","href":"https:\/\/api.w.org\/{rel}","templated":true}]}}