{"id":38833,"date":"2025-06-23T07:10:55","date_gmt":"2025-06-23T05:10:55","guid":{"rendered":"https:\/\/www.lintelligentdabidjan.info\/news\/?p=38833"},"modified":"2025-06-23T07:11:21","modified_gmt":"2025-06-23T05:11:21","slug":"presidentielle-2025-les-femmes-battantes-et-la-fippda-lancent-100-jours-pour-les-elections-apaisees","status":"publish","type":"post","link":"https:\/\/www.lintelligentdabidjan.info\/news\/presidentielle-2025-les-femmes-battantes-et-la-fippda-lancent-100-jours-pour-les-elections-apaisees\/","title":{"rendered":"Pr\u00e9sidentielle  2025- Les Femmes Battantes  et la Fippda lancent   \u00ab 100 jours pour les \u00e9lections apais\u00e9es \u00bb"},"content":{"rendered":"<p><strong>En pr\u00e9lude \u00e0 l\u2019\u00e9lection pr\u00e9sidentielle de 2025, l\u2019Ong \u2018\u2019Femmes Battantes Internationale\u2019\u2019, en partenariat avec la Fondation Internationale pour la Paix, la Presse et le D\u00e9veloppement Durable en Afrique (Fippda), a officiellement lanc\u00e9 la Caravane Ivoiro-Fran\u00e7aise des 100 Jours pour les \u00e9lections apais\u00e9es . La c\u00e9r\u00e9monie s\u2019est tenue \u00e0 la Maison de la Presse d\u2019Abidjan, le jeudi 19 juin 2025 en pr\u00e9sence de nombreux journalistes, repr\u00e9sentants de la soci\u00e9t\u00e9 civile et partenaires nationaux et internationaux.<\/strong><\/p>\n<p>Pr\u00e9sidant l\u2019\u00e9v\u00e9nement, Aim\u00e9 Narcisse Boli, pr\u00e9sident du conseil d\u2019administration de l\u2019Ong \u2018\u2019Femmes Battantes\u2019\u2019, a exprim\u00e9 sa gratitude envers les participants et soulign\u00e9 l&#8217;importance  de ce projet :\u00ab Nous sommes ici r\u00e9unis, non pas simplement pour annoncer un programme, mais pour lancer un appel collectif \u00e0 la responsabilit\u00e9, \u00e0 la paix et \u00e0 la mobilisation citoyenne. \u00bb Le projet qui se d\u00e9roulera du 7 ao\u00fbt au 15 novembre 2025, vise \u00e0 contribuer \u00e0 un climat \u00e9lectoral apais\u00e9 et inclusif en C\u00f4te d\u2019Ivoire. Il prendra la forme d\u2019un mouvement itin\u00e9rant \u00e0 caract\u00e8re p\u00e9dagogique, culturel et citoyen, qui sillonnera les diff\u00e9rentes r\u00e9gions du pays apr\u00e8s une \u00e9tape inaugurale en France.<\/p>\n<p><strong>Trois objectifs majeurs<\/strong><\/p>\n<p>La caravane s\u2019articule autour de trois grandes ambitions \u00e0 savoir redonner la parole aux citoyens, notamment les femmes, les jeunes et les leaders communautaires, \u00e0 travers des forums, dialogues communautaires, ateliers de paix, projections-d\u00e9bats et mobilisations culturelles. Promouvoir des \u00e9lections pacifiques, transparentes et inclusives, \u00e0 l\u2019abri des violences verbales et des manipulations communautaristes ou m\u00e9diatiques et f\u00e9d\u00e9rer les voix de la diaspora ivoirienne, notamment en France, aux \u00c9tats-Unis, au Burkina Faso et au Congo, autour d\u2019un message unifi\u00e9 de paix et de coh\u00e9sion.<br \/>\nLe th\u00e8me retenu pour cette initiative est sans \u00e9quivoque \u00ab Femmes, Jeunes et \u00c9lections apais\u00e9es en C\u00f4te d\u2019Ivoire : Acquis, D\u00e9fis et Perspectives \u00bb.<br \/>\n Catherine Kakou, pr\u00e9sidente de l\u2019Ong \u2018\u2019Femmes Battantes Internationale\u2019, pour sa part,  a livr\u00e9 un message empreint d\u2019\u00e9motion et de conviction : \u00ab Nous, les Femmes Battantes, nous nous engageons pour la paix. Parce que sans paix, il n\u2019y a pas de d\u00e9veloppement. Et lorsque la guerre \u00e9clate, ce sont les femmes qui souffrent le plus. Nous disons non \u00e0 la violence, non aux conflits. Nous voulons la paix, rien que la paix, partout en C\u00f4te d\u2019Ivoire. \u00bb<br \/>\nElle a \u00e9galement lanc\u00e9 un appel aux autorit\u00e9s et \u00e0 l\u2019ensemble des citoyens pour qu\u2019ils deviennent des artisans de cette paix tant d\u00e9sir\u00e9e, soulignant le r\u00f4le vital des femmes dans la pr\u00e9servation de la stabilit\u00e9 sociale.<\/p>\n<p><strong>Un \u00e9cho attendu dans toute la C\u00f4te d\u2019Ivoire\u2026 et au-del\u00e0<\/strong><\/p>\n<p>Avec le soutien d\u2019une large coalition d\u2019acteurs Ong locales et internationales, repr\u00e9sentants de la diaspora, journalistes, leaders religieux et jeunes militants, la caravane traversera le Nord, le Sud, l\u2019Est, l\u2019Ouest et le Centre du pays, avec des \u00e9tapes majeures pr\u00e9vues jusqu\u2019au scrutin pr\u00e9sidentiel.<br \/>\nLes organisateurs appellent \u00e9galement \u00e0 l\u2019implication active de la presse ivoirienne, soulignant son r\u00f4le-cl\u00e9 en tant que relais d\u2019information, acteur de vigilance et pilier de la d\u00e9mocratie.<br \/>\n\u00ab Sans presse libre et engag\u00e9e, il n\u2019y a pas de d\u00e9mocratie forte \u00bb, a insist\u00e9 Aim\u00e9 Narcisse Boli.<\/p>\n<p><strong>Mamadou Ouattara avec Gerard Batoua<\/strong><\/p>\n","protected":false},"excerpt":{"rendered":"<p>En pr\u00e9lude \u00e0 l\u2019\u00e9lection pr\u00e9sidentielle de 2025, l\u2019Ong \u2018\u2019Femmes Battantes Internationale\u2019\u2019, en partenariat avec la Fondation Internationale pour la Paix, la Presse et le D\u00e9veloppement Durable en Afrique (Fippda), a officiellement lanc\u00e9 la Caravane Ivoiro-Fran\u00e7aise des 100 Jours pour les \u00e9lections apais\u00e9es . La c\u00e9r\u00e9monie s\u2019est tenue \u00e0 la Maison de la Presse d\u2019Abidjan, le [&hellip;]<\/p>\n","protected":false},"author":4,"featured_media":38834,"comment_status":"closed","ping_status":"closed","sticky":false,"template":"","format":"standard","meta":{"_monsterinsights_skip_tracking":false,"_monsterinsights_sitenote_active":false,"_monsterinsights_sitenote_note":"","_monsterinsights_sitenote_category":0,"footnotes":""},"categories":[2,17,3],"tags":[646,5486,5485,1621],"class_list":["post-38833","post","type-post","status-publish","format-standard","has-post-thumbnail","hentry","category-featured","category-politique","category-societe","tag-elections","tag-fippda","tag-les-femmes-battantes","tag-presidentielle-2025"],"_links":{"self":[{"href":"https:\/\/www.lintelligentdabidjan.info\/news\/wp-json\/wp\/v2\/posts\/38833","targetHints":{"allow":["GET"]}}],"collection":[{"href":"https:\/\/www.lintelligentdabidjan.info\/news\/wp-json\/wp\/v2\/posts"}],"about":[{"href":"https:\/\/www.lintelligentdabidjan.info\/news\/wp-json\/wp\/v2\/types\/post"}],"author":[{"embeddable":true,"href":"https:\/\/www.lintelligentdabidjan.info\/news\/wp-json\/wp\/v2\/users\/4"}],"replies":[{"embeddable":true,"href":"https:\/\/www.lintelligentdabidjan.info\/news\/wp-json\/wp\/v2\/comments?post=38833"}],"version-history":[{"count":1,"href":"https:\/\/www.lintelligentdabidjan.info\/news\/wp-json\/wp\/v2\/posts\/38833\/revisions"}],"predecessor-version":[{"id":38835,"href":"https:\/\/www.lintelligentdabidjan.info\/news\/wp-json\/wp\/v2\/posts\/38833\/revisions\/38835"}],"wp:featuredmedia":[{"embeddable":true,"href":"https:\/\/www.lintelligentdabidjan.info\/news\/wp-json\/wp\/v2\/media\/38834"}],"wp:attachment":[{"href":"https:\/\/www.lintelligentdabidjan.info\/news\/wp-json\/wp\/v2\/media?parent=38833"}],"wp:term":[{"taxonomy":"category","embeddable":true,"href":"https:\/\/www.lintelligentdabidjan.info\/news\/wp-json\/wp\/v2\/categories?post=38833"},{"taxonomy":"post_tag","embeddable":true,"href":"https:\/\/www.lintelligentdabidjan.info\/news\/wp-json\/wp\/v2\/tags?post=38833"}],"curies":[{"name":"wp","href":"https:\/\/api.w.org\/{rel}","templated":true}]}}